{"id":85297,"date":"2021-02-27T09:35:30","date_gmt":"2021-02-27T12:35:30","guid":{"rendered":"http:\/\/vinasfm.com\/noticias\/?p=85297"},"modified":"2021-03-02T09:39:49","modified_gmt":"2021-03-02T12:39:49","slug":"jose-moran-es-el-nuevo-presidente-del-honorable-concejo-deliberante","status":"publish","type":"post","link":"https:\/\/vinasfm.com\/noticias\/jose-moran-es-el-nuevo-presidente-del-honorable-concejo-deliberante\/","title":{"rendered":"JOS\u00c9 MOR\u00c1N ES EL NUEVO PRESIDENTE DEL HONORABLE CONCEJO DELIBERANTE"},"content":{"rendered":"<h4><strong><span style=\"color: #000000;\">En el d\u00eda de ayer, los miembros del HCD eligieron las autoridades para el ciclo 2021. Jos\u00e9 Mor\u00e1n es el nuevo presidente, Daniel L\u00f3pez ser\u00e1 el vicepresidente 1\u00ba y Mabel Uccelli, la vicepresidente 2\u00aa. Tras asumir sus nuevos cargos, los tres coincidieron en acercarse m\u00e1s a los vecinos durante este a\u00f1o de trabajo que comienza.<\/span><\/strong><\/h4>\n<p><span style=\"color: #000000;\">Despu\u00e9s de la falta de consenso que hubo en el Concejo Deliberante el d\u00eda jueves, la sesi\u00f3n preparatoria continu\u00f3 el viernes. Con un consenso mayoritario dentro del oficialismo, <strong>el HCD eligi\u00f3 a Jos\u00e9 Mor\u00e1n, concejal de la Uni\u00f3n C\u00edvica Radical, como presidente para el ciclo 2021<\/strong>. Mientras, que <strong>Daniel L\u00f3pez, \u00fanico representante del PRO, fue elegido vicepresidente 1ro, y Mabel Ucelli, del radicalismo, es la vicepresidente 2da.<\/strong><\/span><\/p>\n<p><span style=\"color: #000000;\">Tras ser electo como m\u00e1xima autoridad, <strong>Mor\u00e1n manifest\u00f3<\/strong>: <em><strong>\u00abEs un compromiso grande el que acabamos de asumir. La idea es estar muy cerca de los vecinos, buscamos la apertura, la llegada a los barrios, que el a\u00f1o pasado estuvo complicada por la pandemia, y la agilidad para que tengan respuestas r\u00e1pidas del Ejecutivo\u00bb<\/strong><\/em>. Adem\u00e1s, debido al disenso que hubo en principio dentro del bloque oficialista, aclar\u00f3: <strong><em>\u00abTenemos un radicalismo unido, con madurez y siendo cautos. Pensamos a futuro, en las elecciones y en acompa\u00f1ar a la gesti\u00f3n del Intendente Walther Marcolini\u00bb.<\/em><\/strong><\/span><\/p>\n<p><span style=\"color: #000000;\">Por su parte, <strong>L\u00f3pez en di\u00e1logo con FM VI\u00d1AS<\/strong>, opin\u00f3: <strong><em>\u00abYo creo que en este momento tenemos que reinstalar el Concejo como debe ser, como instituci\u00f3n de la comunidad que empiece a valorizarse. Y para ello tenemos la responsabilidad los que dirigimos. En primer lugar el concejal Mar\u00f3n, pero tambi\u00e9n todos los que formamos el trinomio\u00bb.<\/em><\/strong> En cuanto al trabajo a realizar, puntualiz\u00f3:<em><strong> \u00abHay que animarse a tratar los temas que muchas veces quedan en el tapete y de los cuales el propio ciudadano reclama. Tenemos que desafiar estos temas que por ah\u00ed son tab\u00ed en nuestro departamento, y en esto apuesto a la juventud del Concejo\u00bb.<\/strong><\/em><\/span><\/p>\n<p><span style=\"color: #000000;\">Por \u00faltimo, <strong>Mabel Uccelli<\/strong>, al ser consultada por este medio, puso en claro sus objetivos para este ciclo. <em><strong>\u00abEsperamos tener una gesti\u00f3n lo m\u00e1s transparente posible y estar al servicio de todos los ciudadanos que se acerquen al Concejo, y ante todas las problem\u00e1ticas que se presenten\u00bb,<\/strong><\/em> asegur\u00f3. En este sentido, manifest\u00f3 un proyecto que quiere retomar: <em><strong>\u00abUna de las propuestas en la que tendr\u00edamos que avanzar este a\u00f1o es volver a los distritos, que se hizo dif\u00edcil por la pandemia, porque los ciudadanos lo requieren y sesionar desde los mismo, al menos una vez al mes\u00bb.<\/strong><\/em><\/span><\/p>\n<p><span style=\"color: #000000;\">\u2022<strong>L.A.<\/strong><\/span><\/p>\n","protected":false},"excerpt":{"rendered":"<p>En el d\u00eda de ayer, los miembros del HCD eligieron las autoridades para el ciclo 2021. Jos\u00e9 Mor\u00e1n es el nuevo &#8230;<\/p>\n","protected":false},"author":7,"featured_media":85300,"comment_status":"open","ping_status":"open","sticky":false,"template":"","format":"standard","meta":{"footnotes":""},"categories":[5,26],"tags":[],"class_list":["post-85297","post","type-post","status-publish","format-standard","has-post-thumbnail","hentry","category-actualidad","category-hcd"],"_links":{"self":[{"href":"https:\/\/vinasfm.com\/noticias\/wp-json\/wp\/v2\/posts\/85297","targetHints":{"allow":["GET"]}}],"collection":[{"href":"https:\/\/vinasfm.com\/noticias\/wp-json\/wp\/v2\/posts"}],"about":[{"href":"https:\/\/vinasfm.com\/noticias\/wp-json\/wp\/v2\/types\/post"}],"author":[{"embeddable":true,"href":"https:\/\/vinasfm.com\/noticias\/wp-json\/wp\/v2\/users\/7"}],"replies":[{"embeddable":true,"href":"https:\/\/vinasfm.com\/noticias\/wp-json\/wp\/v2\/comments?post=85297"}],"version-history":[{"count":6,"href":"https:\/\/vinasfm.com\/noticias\/wp-json\/wp\/v2\/posts\/85297\/revisions"}],"predecessor-version":[{"id":85326,"href":"https:\/\/vinasfm.com\/noticias\/wp-json\/wp\/v2\/posts\/85297\/revisions\/85326"}],"wp:featuredmedia":[{"embeddable":true,"href":"https:\/\/vinasfm.com\/noticias\/wp-json\/wp\/v2\/media\/85300"}],"wp:attachment":[{"href":"https:\/\/vinasfm.com\/noticias\/wp-json\/wp\/v2\/media?parent=85297"}],"wp:term":[{"taxonomy":"category","embeddable":true,"href":"https:\/\/vinasfm.com\/noticias\/wp-json\/wp\/v2\/categories?post=85297"},{"taxonomy":"post_tag","embeddable":true,"href":"https:\/\/vinasfm.com\/noticias\/wp-json\/wp\/v2\/tags?post=85297"}],"curies":[{"name":"wp","href":"https:\/\/api.w.org\/{rel}","templated":true}]}}