{"id":85235,"date":"2021-02-26T09:57:46","date_gmt":"2021-02-26T12:57:46","guid":{"rendered":"http:\/\/vinasfm.com\/noticias\/?p=85235"},"modified":"2021-03-01T08:57:41","modified_gmt":"2021-03-01T11:57:41","slug":"marcolini-gestiono-la-construccion-de-un-centro-de-desarrollo-infantil-en-b-el-matadero","status":"publish","type":"post","link":"https:\/\/vinasfm.com\/noticias\/marcolini-gestiono-la-construccion-de-un-centro-de-desarrollo-infantil-en-b-el-matadero\/","title":{"rendered":"MARCOLINI GESTION\u00d3 LA CONSTRUCCI\u00d3N DE UN CENTRO DE DESARROLLO INFANTIL EN B\u00b0 EL MATADERO"},"content":{"rendered":"<h4 dir=\"ltr\"><strong><span style=\"color: #000000;\">El Intendente Walther Marcolini viaj\u00f3 a la Ciudad de Mendoza donde mantuvo diferentes reuniones para concretar importantes obras en el departamento. El mandatario en su visita se reuni\u00f3 con el Subsecretario de Desarrollo Social de la Provincia, el Lic. Alejandro Ver\u00f3n.<\/span><\/strong><\/h4>\n<p dir=\"ltr\"><span style=\"color: #000000;\">En este sentido el Jefe Comunal indic\u00f3: \u201c<strong><em>Coordinamos que General Alvear sea destino de uno de los siete Centros de Desarrollo Infantil que la Provincia trabaj\u00f3 con el Ministerio de Desarrollo Social de la Naci\u00f3n<\/em><\/strong>\u201d.<\/span><\/p>\n<p dir=\"ltr\"><span style=\"color: #000000;\">Esta obra consiste en un edificio de m\u00e1s de 200 m cubiertos totalmente equipado, se trata de jardines maternales para ni\u00f1os desde 45 d\u00edas a 4 a\u00f1os de edad, esta obra es muy importante ya que permite llegar a otros barrios con diferentes vulnerabilidades y programas de mucho alcance.\u00a0<\/span><\/p>\n<p dir=\"ltr\"><span style=\"color: #000000;\"> \u201c<strong><em>Nosotros propusimos que se realice el sal\u00f3n en el B\u00b0 Matadero, esto es un paso m\u00e1s para contener a las familias y a la primera infancia, ya estamos en toda la parte legal de estas obras que mejoran las fisonom\u00edas de los barrios, ten\u00edamos un compromiso con el barrio Matadero y esto es una muy buena infraestructura<\/em><\/strong>\u201d detall\u00f3 el mandatario.<\/span><\/p>\n<h5 dir=\"ltr\"><span style=\"color: #000000;\">\u2022F.B.<\/span><\/h5>\n","protected":false},"excerpt":{"rendered":"<p>El Intendente Walther Marcolini viaj\u00f3 a la Ciudad de Mendoza donde mantuvo diferentes reuniones para concretar importantes obras en el departamento. &#8230;<\/p>\n","protected":false},"author":8,"featured_media":69757,"comment_status":"open","ping_status":"open","sticky":false,"template":"","format":"standard","meta":{"footnotes":""},"categories":[5,10],"tags":[],"class_list":["post-85235","post","type-post","status-publish","format-standard","has-post-thumbnail","hentry","category-actualidad","category-destacadas"],"_links":{"self":[{"href":"https:\/\/vinasfm.com\/noticias\/wp-json\/wp\/v2\/posts\/85235","targetHints":{"allow":["GET"]}}],"collection":[{"href":"https:\/\/vinasfm.com\/noticias\/wp-json\/wp\/v2\/posts"}],"about":[{"href":"https:\/\/vinasfm.com\/noticias\/wp-json\/wp\/v2\/types\/post"}],"author":[{"embeddable":true,"href":"https:\/\/vinasfm.com\/noticias\/wp-json\/wp\/v2\/users\/8"}],"replies":[{"embeddable":true,"href":"https:\/\/vinasfm.com\/noticias\/wp-json\/wp\/v2\/comments?post=85235"}],"version-history":[{"count":1,"href":"https:\/\/vinasfm.com\/noticias\/wp-json\/wp\/v2\/posts\/85235\/revisions"}],"predecessor-version":[{"id":85237,"href":"https:\/\/vinasfm.com\/noticias\/wp-json\/wp\/v2\/posts\/85235\/revisions\/85237"}],"wp:featuredmedia":[{"embeddable":true,"href":"https:\/\/vinasfm.com\/noticias\/wp-json\/wp\/v2\/media\/69757"}],"wp:attachment":[{"href":"https:\/\/vinasfm.com\/noticias\/wp-json\/wp\/v2\/media?parent=85235"}],"wp:term":[{"taxonomy":"category","embeddable":true,"href":"https:\/\/vinasfm.com\/noticias\/wp-json\/wp\/v2\/categories?post=85235"},{"taxonomy":"post_tag","embeddable":true,"href":"https:\/\/vinasfm.com\/noticias\/wp-json\/wp\/v2\/tags?post=85235"}],"curies":[{"name":"wp","href":"https:\/\/api.w.org\/{rel}","templated":true}]}}