{"id":85182,"date":"2021-02-24T10:29:19","date_gmt":"2021-02-24T13:29:19","guid":{"rendered":"http:\/\/vinasfm.com\/noticias\/?p=85182"},"modified":"2021-02-24T21:04:29","modified_gmt":"2021-02-25T00:04:29","slug":"monte-coman-detuvieron-a-tres-hombres-que-tenian-en-su-poder-un-arma-de-fuego-y-60-municiones","status":"publish","type":"post","link":"https:\/\/vinasfm.com\/noticias\/monte-coman-detuvieron-a-tres-hombres-que-tenian-en-su-poder-un-arma-de-fuego-y-60-municiones\/","title":{"rendered":"MONTE COM\u00c1N: DETUVIERON A TRES HOMBRES QUE TEN\u00cdAN EN SU PODER UN ARMA DE FUEGO Y 60 MUNICIONES"},"content":{"rendered":"<p><strong><span style=\"color: #000000;\">Desde la Distrital II de Polic\u00eda informaron sobre el secuestro de un arma de fuego y un importante numero de municiones en poder de tres hombres que circulaban por Ruta 146, Monte Com\u00e1n.<\/span><\/strong><\/p>\n<p><span style=\"color: #000000;\">El control fue realizado en una <strong>camioneta Ford Ranger<\/strong> alrededor de las <strong>14h de este martes<\/strong> en el <strong>puesto de Gendarmer\u00eda<\/strong>, a la altura del Km 338. Al requisar el rodado encontraron <strong>un rifle calibre 22<\/strong> y <strong>60 municiones<\/strong> que fueron incautados por orden del Ayudante Fiscal en turno.<\/span><\/p>\n<p><span style=\"color: #000000;\">Adem\u00e1s <strong>se orden\u00f3 la detenci\u00f3n de los tres masculinos y su posterior trasladado a Comisar\u00eda 64\u00b0<\/strong> por la causa que se investiga caratulada &#8216;<strong><em>Tenencia ilegal de arma de fuego<\/em><\/strong>&#8216;.\u00a0<\/span><\/p>\n<h5><span style=\"color: #000000;\">\u2022F.B.<\/span><\/h5>\n","protected":false},"excerpt":{"rendered":"<p>Desde la Distrital II de Polic\u00eda informaron sobre el secuestro de un arma de fuego y un importante numero de municiones &#8230;<\/p>\n","protected":false},"author":8,"featured_media":63002,"comment_status":"open","ping_status":"open","sticky":false,"template":"","format":"standard","meta":{"footnotes":""},"categories":[5,4],"tags":[],"class_list":["post-85182","post","type-post","status-publish","format-standard","has-post-thumbnail","hentry","category-actualidad","category-policiales"],"_links":{"self":[{"href":"https:\/\/vinasfm.com\/noticias\/wp-json\/wp\/v2\/posts\/85182","targetHints":{"allow":["GET"]}}],"collection":[{"href":"https:\/\/vinasfm.com\/noticias\/wp-json\/wp\/v2\/posts"}],"about":[{"href":"https:\/\/vinasfm.com\/noticias\/wp-json\/wp\/v2\/types\/post"}],"author":[{"embeddable":true,"href":"https:\/\/vinasfm.com\/noticias\/wp-json\/wp\/v2\/users\/8"}],"replies":[{"embeddable":true,"href":"https:\/\/vinasfm.com\/noticias\/wp-json\/wp\/v2\/comments?post=85182"}],"version-history":[{"count":3,"href":"https:\/\/vinasfm.com\/noticias\/wp-json\/wp\/v2\/posts\/85182\/revisions"}],"predecessor-version":[{"id":85188,"href":"https:\/\/vinasfm.com\/noticias\/wp-json\/wp\/v2\/posts\/85182\/revisions\/85188"}],"wp:featuredmedia":[{"embeddable":true,"href":"https:\/\/vinasfm.com\/noticias\/wp-json\/wp\/v2\/media\/63002"}],"wp:attachment":[{"href":"https:\/\/vinasfm.com\/noticias\/wp-json\/wp\/v2\/media?parent=85182"}],"wp:term":[{"taxonomy":"category","embeddable":true,"href":"https:\/\/vinasfm.com\/noticias\/wp-json\/wp\/v2\/categories?post=85182"},{"taxonomy":"post_tag","embeddable":true,"href":"https:\/\/vinasfm.com\/noticias\/wp-json\/wp\/v2\/tags?post=85182"}],"curies":[{"name":"wp","href":"https:\/\/api.w.org\/{rel}","templated":true}]}}