{"id":85157,"date":"2021-02-23T00:01:56","date_gmt":"2021-02-23T03:01:56","guid":{"rendered":"http:\/\/vinasfm.com\/noticias\/?p=85157"},"modified":"2021-02-24T20:32:17","modified_gmt":"2021-02-24T23:32:17","slug":"23-2-alvear-sumo-8-nuevos-casos-positivos-de-covid-19-y-un-paciente-recuperado","status":"publish","type":"post","link":"https:\/\/vinasfm.com\/noticias\/23-2-alvear-sumo-8-nuevos-casos-positivos-de-covid-19-y-un-paciente-recuperado\/","title":{"rendered":"23\/2: ALVEAR SUM\u00d3 8 NUEVOS CASOS POSITIVOS DE COVID-19 Y UN PACIENTE RECUPERADO"},"content":{"rendered":"<h4><span style=\"color: #000000;\"><strong>De acuerdo al informe suministrado por el Laboratorio Covid Regi\u00f3n Sur, Alvear registr\u00f3 8 nuevos casos positivos de Covid-19 en las \u00faltimas 24 horas, lapso en el que se confirm\u00f3 la recuperaci\u00f3n de 1 paciente.<\/strong><\/span><\/h4>\n<p><span style=\"color: #000000;\">Al momento, el total de casos acumulados en el Hospital\u00a0<em>Enfermeros Argentinos\u00a0<\/em>es de\u00a0<strong>2021 <\/strong><strong>(48 <\/strong><strong>casos\u00a0<\/strong><strong>activos, 1906 <\/strong><strong>casos recuperados, 67\u00a0<\/strong><strong>fallecimientos<\/strong>).<\/span><\/p>\n<h4 style=\"text-align: center;\"><span style=\"color: #000000;\"><strong>INFORME REGI\u00d3N SUR<\/strong><\/span><\/h4>\n<p><span style=\"color: #000000;\">Este\u00a0<strong>martes<\/strong>, los tres departamentos del sur mendocino sumaron\u00a0<strong>35 nuevos<\/strong><strong>\u00a0casos de Covid-19.\u00a0<\/strong>Se procesaron\u00a0<strong>123 muestras de PCR: 88 <\/strong><strong>fueron negativas y 35 <\/strong><b>resultaron positivas.\u00a0<\/b><\/span><\/p>\n<ul>\n<li><span style=\"color: #000000;\"><strong>GENERAL ALVEAR: 8 casos positivos.<\/strong><\/span><\/li>\n<li><span style=\"color: #000000;\"><strong>SAN RAFAEL: 26 casos positivos.<\/strong><\/span><\/li>\n<li><span style=\"color: #000000;\"><strong>MALARG\u00dcE: 1 casos positivos.<\/strong><\/span><\/li>\n<\/ul>\n<p><span style=\"color: #000000;\">Asimismo se inform\u00f3 la\u00a0<strong>recuperaci\u00f3n de 34 pacientes<\/strong>:<\/span><\/p>\n<ul>\n<li><span style=\"color: #000000;\">San Rafael: 29 pacientes.<\/span><\/li>\n<li><span style=\"color: #000000;\"><strong>General Alvear: 1 paciente.<\/strong><\/span><\/li>\n<li><span style=\"color: #000000;\">Malarg\u00fce: 4 pacientes.<\/span><\/li>\n<\/ul>\n<p><span style=\"color: #000000;\"><strong>Con estas cifras, San Rafael, Malarg\u00fce y General Alvear cuentan con 8760 casos positivos confirmados de los cuales 7137 se han recuperado y 194 han perdido la vida por Covid-19.<\/strong><\/span><\/p>\n<h5><span style=\"color: #000000;\">\u2022F.B.<\/span><\/h5>\n","protected":false},"excerpt":{"rendered":"<p>De acuerdo al informe suministrado por el Laboratorio Covid Regi\u00f3n Sur, Alvear registr\u00f3 8 nuevos casos positivos de Covid-19 en las &#8230;<\/p>\n","protected":false},"author":8,"featured_media":37045,"comment_status":"open","ping_status":"open","sticky":false,"template":"","format":"standard","meta":{"footnotes":""},"categories":[5,62],"tags":[],"class_list":["post-85157","post","type-post","status-publish","format-standard","has-post-thumbnail","hentry","category-actualidad","category-coronavirus"],"_links":{"self":[{"href":"https:\/\/vinasfm.com\/noticias\/wp-json\/wp\/v2\/posts\/85157","targetHints":{"allow":["GET"]}}],"collection":[{"href":"https:\/\/vinasfm.com\/noticias\/wp-json\/wp\/v2\/posts"}],"about":[{"href":"https:\/\/vinasfm.com\/noticias\/wp-json\/wp\/v2\/types\/post"}],"author":[{"embeddable":true,"href":"https:\/\/vinasfm.com\/noticias\/wp-json\/wp\/v2\/users\/8"}],"replies":[{"embeddable":true,"href":"https:\/\/vinasfm.com\/noticias\/wp-json\/wp\/v2\/comments?post=85157"}],"version-history":[{"count":1,"href":"https:\/\/vinasfm.com\/noticias\/wp-json\/wp\/v2\/posts\/85157\/revisions"}],"predecessor-version":[{"id":85158,"href":"https:\/\/vinasfm.com\/noticias\/wp-json\/wp\/v2\/posts\/85157\/revisions\/85158"}],"wp:featuredmedia":[{"embeddable":true,"href":"https:\/\/vinasfm.com\/noticias\/wp-json\/wp\/v2\/media\/37045"}],"wp:attachment":[{"href":"https:\/\/vinasfm.com\/noticias\/wp-json\/wp\/v2\/media?parent=85157"}],"wp:term":[{"taxonomy":"category","embeddable":true,"href":"https:\/\/vinasfm.com\/noticias\/wp-json\/wp\/v2\/categories?post=85157"},{"taxonomy":"post_tag","embeddable":true,"href":"https:\/\/vinasfm.com\/noticias\/wp-json\/wp\/v2\/tags?post=85157"}],"curies":[{"name":"wp","href":"https:\/\/api.w.org\/{rel}","templated":true}]}}