{"id":85071,"date":"2021-02-22T11:24:42","date_gmt":"2021-02-22T14:24:42","guid":{"rendered":"http:\/\/vinasfm.com\/noticias\/?p=85071"},"modified":"2021-02-24T09:54:58","modified_gmt":"2021-02-24T12:54:58","slug":"comenzaron-las-tareas-de-mantenimiento-sobre-ruta-188-alvear-canalejas","status":"publish","type":"post","link":"https:\/\/vinasfm.com\/noticias\/comenzaron-las-tareas-de-mantenimiento-sobre-ruta-188-alvear-canalejas\/","title":{"rendered":"COMENZARON LAS TAREAS DE MANTENIMIENTO SOBRE RUTA 188 ALVEAR-CANALEJAS"},"content":{"rendered":"<h4><span style=\"color: #000000;\"><strong>En la ma\u00f1ana de este lunes comenz\u00f3 a concretarse el convenio que firmaron el Int. Walther Marcolini y el Ing. Luis Fern\u00e1ndez, de Vialidad Nacional, para el mantenimiento de Ruta 188 tramo General Alvear-Canalejas. Este convenio es de suma importancia para que la Ruta est\u00e9 en condiciones y que los conductores puedan viajar con tranquilidad evitando accidentes.<\/strong><\/span><\/h4>\n<p><span style=\"color: #000000;\">En di\u00e1logo con <strong>F.M. VI\u00d1AS<\/strong> el\u00a0<strong>Director de Obras P\u00fablicas Pablo Morales\u00a0<\/strong>destac\u00f3 el comienzo de las tareas de mantenimiento gestionadas por el Jefe Comunal y sostuvo que la idea es &#8216;<strong><em>reacondicionar todo el tramo de la Ruta 188 Alvear-Canalejas sobre todo en los comprendidos entre Ciudad y Bowen que son los m\u00e1s afectados por el paso del tiempo y las lluvias<\/em><\/strong>&#8216;.<\/span><\/p>\n<p><span style=\"color: #000000;\">La cuadrilla de bacheo comenz\u00f3 temprano solucionando el deterioro de la carpeta asf\u00e1ltica principalmente en las banquinas con el aporte del Municipio y Vialidad Nacional: &#8216;<strong><em>Reacondicionaremos esta ruta respetando el convenio en el que se estipula que Vialidad provee materiales y maquinarias y la Comuna aporta los operarios<\/em><\/strong>&#8216;, subray\u00f3 el funcionario, quien agreg\u00f3 que <strong>la obra se desarrollar\u00e1 durante un plazo de noventa d\u00edas<\/strong>.<\/span><\/p>\n<p><span style=\"color: #000000;\">En profundidad resalt\u00f3 que &#8216;<strong><em>a posterior del bacheo se embancar\u00e1n las banquinas para que no vuelva a desgranarse la cinta asf\u00e1ltica en las banquinas. Adem\u00e1s se deber\u00e1 hacer el correcto desmalezado<\/em><\/strong>&#8216;.<\/span><\/p>\n<p><span style=\"color: #000000;\">Luego de rubricarse el <a href=\"http:\/\/vinasfm.com\/noticias\/el-municipio-y-vialidad-nacional-acordaron-el-mantenimiento-de-la-ruta-188-alvear-canalejas\/\">convenio la semana pr\u00f3xima pasada<\/a>, <strong>Luis Fern\u00e1ndez <\/strong>detall\u00f3 a este medio que con este convenio se tratar\u00e1 de trabajar en conjunto y en mantener en condiciones la Ruta, en comenzar con las cosas m\u00e1s urgentes como el bacheo y arreglo de las banquinas que son indispensables:<strong><em> &#8216;Comenzar las tareas de mantenimiento es fundamental, vamos a enviar el premezclado y el municipio nos va aportar con personal y algunas herramientas mientras que Vialidad tambi\u00e9n aportar\u00e1 con maquinarias&#8217;<\/em><\/strong>. <\/span><\/p>\n<p><span style=\"color: #000000;\">\u00ab<strong><em>Se trabajar\u00e1 desde el tramo de Alvear hasta Canalejas, esto tiene que ver con la visi\u00f3n de trabajo del Titular del Cuarto Distrito de Vialidad Nacional, Guillermo Amztutz, ya que \u00e9l es un ex Intendente y se involucra con la gesti\u00f3n de los jefes comunales, de ese modo se llega mejor a la soluci\u00f3n de las problem\u00e1ticas<\/em><\/strong>\u201d, se\u00f1al\u00f3 Fern\u00e1ndez.<\/span><\/p>\n<h5><span style=\"color: #000000;\">\u2022F.B. (F.M. Vi\u00f1as).<\/span><\/h5>\n","protected":false},"excerpt":{"rendered":"<p>En la ma\u00f1ana de este lunes comenz\u00f3 a concretarse el convenio que firmaron el Int. Walther Marcolini y el Ing. Luis &#8230;<\/p>\n","protected":false},"author":8,"featured_media":85073,"comment_status":"open","ping_status":"open","sticky":false,"template":"","format":"standard","meta":{"footnotes":""},"categories":[5,29],"tags":[],"class_list":["post-85071","post","type-post","status-publish","format-standard","has-post-thumbnail","hentry","category-actualidad","category-obras-y-servicios"],"_links":{"self":[{"href":"https:\/\/vinasfm.com\/noticias\/wp-json\/wp\/v2\/posts\/85071","targetHints":{"allow":["GET"]}}],"collection":[{"href":"https:\/\/vinasfm.com\/noticias\/wp-json\/wp\/v2\/posts"}],"about":[{"href":"https:\/\/vinasfm.com\/noticias\/wp-json\/wp\/v2\/types\/post"}],"author":[{"embeddable":true,"href":"https:\/\/vinasfm.com\/noticias\/wp-json\/wp\/v2\/users\/8"}],"replies":[{"embeddable":true,"href":"https:\/\/vinasfm.com\/noticias\/wp-json\/wp\/v2\/comments?post=85071"}],"version-history":[{"count":2,"href":"https:\/\/vinasfm.com\/noticias\/wp-json\/wp\/v2\/posts\/85071\/revisions"}],"predecessor-version":[{"id":85077,"href":"https:\/\/vinasfm.com\/noticias\/wp-json\/wp\/v2\/posts\/85071\/revisions\/85077"}],"wp:featuredmedia":[{"embeddable":true,"href":"https:\/\/vinasfm.com\/noticias\/wp-json\/wp\/v2\/media\/85073"}],"wp:attachment":[{"href":"https:\/\/vinasfm.com\/noticias\/wp-json\/wp\/v2\/media?parent=85071"}],"wp:term":[{"taxonomy":"category","embeddable":true,"href":"https:\/\/vinasfm.com\/noticias\/wp-json\/wp\/v2\/categories?post=85071"},{"taxonomy":"post_tag","embeddable":true,"href":"https:\/\/vinasfm.com\/noticias\/wp-json\/wp\/v2\/tags?post=85071"}],"curies":[{"name":"wp","href":"https:\/\/api.w.org\/{rel}","templated":true}]}}