{"id":85051,"date":"2021-02-22T10:14:31","date_gmt":"2021-02-22T13:14:31","guid":{"rendered":"http:\/\/vinasfm.com\/noticias\/?p=85051"},"modified":"2021-02-22T20:46:40","modified_gmt":"2021-02-22T23:46:40","slug":"economia-abrio-la-inscripcion-para-la-mesa-de-concertacion-de-la-uva","status":"publish","type":"post","link":"https:\/\/vinasfm.com\/noticias\/economia-abrio-la-inscripcion-para-la-mesa-de-concertacion-de-la-uva\/","title":{"rendered":"ECONOM\u00cdA ABRI\u00d3 LA INSCRIPCI\u00d3N PARA LA MESA DE CONCERTACI\u00d3N DE LA UVA"},"content":{"rendered":"<h4><strong><span style=\"color: #000000;\">El Gobierno de Mendoza, a trav\u00e9s del Ministerio de Econom\u00eda y Energ\u00eda, invita a productores agr\u00edcolas e industriales, vinculados a la producci\u00f3n de uva con destino a la elaboraci\u00f3n de mosto de vino a la conformaci\u00f3n de la Mesa de Concertaci\u00f3n. Los encuentros se desarrollar\u00e1n el lunes 22 de febrero y el lunes 1 de marzo respectivamente, en La Enoteca, ubicada en av. Peltier 611 de Ciudad.<\/span><\/strong><\/h4>\n<p><span style=\"color: #000000;\">Jos\u00e9 Cortez, titular de Fiscalizaci\u00f3n y Control explic\u00f3 que \u201c<strong><em>el organismo es la autoridad de aplicaci\u00f3n y responsable de la conformaci\u00f3n y funcionamiento de la Mesa de Concertaci\u00f3n, facultad que obtuvo tras la publicaci\u00f3n del decreto provincial N\u00b0 1.298, que reglamenta la ley 9.133 de \u2018Registro de Contrato de Compra Venta de Productos Agr\u00edcolas\u2019. Por lo tanto, no es responsable de los acuerdos a los que arriben industriales y productores, aunque garantiza el espacio de di\u00e1logo y acercamiento entre ambos<\/em><\/strong>\u201d.<\/span><\/p>\n<p><span style=\"color: #000000;\">Las Mesa de Concertaci\u00f3n de Uva para vino y para mosto, tienen como objetivo mejorar la competitividad, la sustentabilidad ambiental y adem\u00e1s, fomentar el crecimiento y desarrollo econ\u00f3mico del sector. <strong><em>Se trabajar\u00e1n temas como costos de producci\u00f3n, calidades de los productos, situaci\u00f3n de los mercados, precios de referencia, plazos de entrega de las materias primas y modalidades de pago, entre otros aspectos<\/em><\/strong>, agreg\u00f3 el funcionario.<\/span><\/p>\n<p><span style=\"color: #000000;\">Las asociaciones de productores e industriales de uva interesadas en formar parte de las Mesas de Concertaci\u00f3n, deber\u00e1n nominar a su representante, quien acreditar\u00e1 su funci\u00f3n al momento de la inscripci\u00f3n, que se realizar\u00e1 mediante la p\u00e1gina web del Ministerio de Econom\u00eda y Energ\u00eda.<\/span><\/p>\n<p><span style=\"color: #000000;\">Desde la cartera de Econom\u00eda explicaron que no es posible admitir participaciones individuales y, a los efectos de facilitar el di\u00e1logo, tendr\u00e1n derecho a voz los representantes de los sectores cient\u00edfico, t\u00e9cnico, p\u00fablico y privado invitados por la Direcci\u00f3n de Fiscalizaci\u00f3n y Control, los representantes del Ministerio de Econom\u00eda y Energ\u00eda, y los representantes de asociaciones que acrediten inscripci\u00f3n.<\/span><\/p>\n<p><span style=\"color: #000000;\">Arribando a diversos acuerdos y convenios se celebraron los encuentros entre el sector primario y el industrial dedicados a la ciruela, la pera, la manzana y el durazno. Luego de los encuentros de la uva, resta definir la fecha de la Mesa de Concertaci\u00f3n sobre la aceituna, que marca el fin del cronograma de los espacios de di\u00e1logo promovidos por el gobierno provincial.<\/span><\/p>\n<h5>F.B.<\/h5>\n","protected":false},"excerpt":{"rendered":"<p>El Gobierno de Mendoza, a trav\u00e9s del Ministerio de Econom\u00eda y Energ\u00eda, invita a productores agr\u00edcolas e industriales, vinculados a la &#8230;<\/p>\n","protected":false},"author":8,"featured_media":47094,"comment_status":"open","ping_status":"open","sticky":false,"template":"","format":"standard","meta":{"footnotes":""},"categories":[5,14,16],"tags":[],"class_list":["post-85051","post","type-post","status-publish","format-standard","has-post-thumbnail","hentry","category-actualidad","category-agro","category-economia"],"_links":{"self":[{"href":"https:\/\/vinasfm.com\/noticias\/wp-json\/wp\/v2\/posts\/85051","targetHints":{"allow":["GET"]}}],"collection":[{"href":"https:\/\/vinasfm.com\/noticias\/wp-json\/wp\/v2\/posts"}],"about":[{"href":"https:\/\/vinasfm.com\/noticias\/wp-json\/wp\/v2\/types\/post"}],"author":[{"embeddable":true,"href":"https:\/\/vinasfm.com\/noticias\/wp-json\/wp\/v2\/users\/8"}],"replies":[{"embeddable":true,"href":"https:\/\/vinasfm.com\/noticias\/wp-json\/wp\/v2\/comments?post=85051"}],"version-history":[{"count":1,"href":"https:\/\/vinasfm.com\/noticias\/wp-json\/wp\/v2\/posts\/85051\/revisions"}],"predecessor-version":[{"id":85055,"href":"https:\/\/vinasfm.com\/noticias\/wp-json\/wp\/v2\/posts\/85051\/revisions\/85055"}],"wp:featuredmedia":[{"embeddable":true,"href":"https:\/\/vinasfm.com\/noticias\/wp-json\/wp\/v2\/media\/47094"}],"wp:attachment":[{"href":"https:\/\/vinasfm.com\/noticias\/wp-json\/wp\/v2\/media?parent=85051"}],"wp:term":[{"taxonomy":"category","embeddable":true,"href":"https:\/\/vinasfm.com\/noticias\/wp-json\/wp\/v2\/categories?post=85051"},{"taxonomy":"post_tag","embeddable":true,"href":"https:\/\/vinasfm.com\/noticias\/wp-json\/wp\/v2\/tags?post=85051"}],"curies":[{"name":"wp","href":"https:\/\/api.w.org\/{rel}","templated":true}]}}