{"id":85048,"date":"2021-02-23T09:15:12","date_gmt":"2021-02-23T12:15:12","guid":{"rendered":"http:\/\/vinasfm.com\/noticias\/?p=85048"},"modified":"2021-02-23T12:33:43","modified_gmt":"2021-02-23T15:33:43","slug":"21-2-alvear-confirmo-dos-nuevos-contagios-y-un-recuperado-de-covid-19","status":"publish","type":"post","link":"https:\/\/vinasfm.com\/noticias\/21-2-alvear-confirmo-dos-nuevos-contagios-y-un-recuperado-de-covid-19\/","title":{"rendered":"SIN NUEVOS CONTAGIOS, ESTE LUNES ALVEAR REPORT\u00d3 7 RECUPERADOS Y UN FALLECIMIENTO POR COVID-19"},"content":{"rendered":"<h4><span style=\"color: #000000;\"><strong>De acuerdo al informe suministrado por el Laboratorio Covid Regi\u00f3n Sur, Alvear no registr\u00f3 nuevos casos positivos de Covid-19 en las \u00faltimas 24 horas, lapso en el que se confirm\u00f3 la recuperaci\u00f3n de 7 pacientes y el fallecimiento de un hombre de 85 a\u00f1os.<\/strong><\/span><\/h4>\n<p><span style=\"color: #000000;\">Al momento, el total de casos acumulados en el Hospital\u00a0<em>Enfermeros Argentinos\u00a0<\/em>es de\u00a0<strong>2013 <\/strong><strong>(41 <\/strong><strong>casos\u00a0<\/strong><strong>activos, 1905 <\/strong><strong>casos recuperados, 67 <\/strong><strong>fallecimientos<\/strong>).<\/span><\/p>\n<h4 style=\"text-align: center;\"><span style=\"color: #000000;\"><strong>INFORME REGI\u00d3N SUR<\/strong><\/span><\/h4>\n<p><span style=\"color: #000000;\">Este\u00a0<strong>lunes<\/strong>, los tres departamentos del sur mendocino sumaron <strong>54 nuevos<\/strong><strong>\u00a0casos de Covid-19.\u00a0<\/strong>Se procesaron\u00a0<strong>130 muestras de PCR: 76 <\/strong><strong>fueron negativas y 54 <\/strong><b>resultaron positivas.\u00a0<\/b><\/span><\/p>\n<ul>\n<li><span style=\"color: #000000;\"><strong>GENERAL ALVEAR: 0.<\/strong><\/span><\/li>\n<li><span style=\"color: #000000;\"><strong>SAN RAFAEL: 54 casos positivos.<\/strong><\/span><\/li>\n<li><span style=\"color: #000000;\"><strong>MALARG\u00dcE: 0.<\/strong><\/span><\/li>\n<\/ul>\n<p><span style=\"color: #000000;\">Asimismo se inform\u00f3 la <strong>recuperaci\u00f3n de 15 pacientes<\/strong>:<\/span><\/p>\n<ul>\n<li><span style=\"color: #000000;\">San Rafael: 20 pacientes.<\/span><\/li>\n<li><span style=\"color: #000000;\"><strong>General Alvear: 7 pacientes.<\/strong><\/span><\/li>\n<\/ul>\n<p><span style=\"color: #000000;\"><strong>Con estas cifras, San Rafael, Malarg\u00fce y General Alvear cuentan con 8725 casos positivos confirmados de los cuales 7103 se han recuperado y 194 han perdido la vida por Covid-19.<\/strong><\/span><\/p>\n<h5><span style=\"color: #000000;\">\u2022F.B.<\/span><\/h5>\n","protected":false},"excerpt":{"rendered":"<p>De acuerdo al informe suministrado por el Laboratorio Covid Regi\u00f3n Sur, Alvear no registr\u00f3 nuevos casos positivos de Covid-19 en las &#8230;<\/p>\n","protected":false},"author":8,"featured_media":66369,"comment_status":"open","ping_status":"open","sticky":false,"template":"","format":"standard","meta":{"footnotes":""},"categories":[1],"tags":[],"class_list":["post-85048","post","type-post","status-publish","format-standard","has-post-thumbnail","hentry","category-fmvinas"],"_links":{"self":[{"href":"https:\/\/vinasfm.com\/noticias\/wp-json\/wp\/v2\/posts\/85048","targetHints":{"allow":["GET"]}}],"collection":[{"href":"https:\/\/vinasfm.com\/noticias\/wp-json\/wp\/v2\/posts"}],"about":[{"href":"https:\/\/vinasfm.com\/noticias\/wp-json\/wp\/v2\/types\/post"}],"author":[{"embeddable":true,"href":"https:\/\/vinasfm.com\/noticias\/wp-json\/wp\/v2\/users\/8"}],"replies":[{"embeddable":true,"href":"https:\/\/vinasfm.com\/noticias\/wp-json\/wp\/v2\/comments?post=85048"}],"version-history":[{"count":3,"href":"https:\/\/vinasfm.com\/noticias\/wp-json\/wp\/v2\/posts\/85048\/revisions"}],"predecessor-version":[{"id":85124,"href":"https:\/\/vinasfm.com\/noticias\/wp-json\/wp\/v2\/posts\/85048\/revisions\/85124"}],"wp:featuredmedia":[{"embeddable":true,"href":"https:\/\/vinasfm.com\/noticias\/wp-json\/wp\/v2\/media\/66369"}],"wp:attachment":[{"href":"https:\/\/vinasfm.com\/noticias\/wp-json\/wp\/v2\/media?parent=85048"}],"wp:term":[{"taxonomy":"category","embeddable":true,"href":"https:\/\/vinasfm.com\/noticias\/wp-json\/wp\/v2\/categories?post=85048"},{"taxonomy":"post_tag","embeddable":true,"href":"https:\/\/vinasfm.com\/noticias\/wp-json\/wp\/v2\/tags?post=85048"}],"curies":[{"name":"wp","href":"https:\/\/api.w.org\/{rel}","templated":true}]}}