{"id":85027,"date":"2021-02-22T08:16:45","date_gmt":"2021-02-22T11:16:45","guid":{"rendered":"http:\/\/vinasfm.com\/noticias\/?p=85027"},"modified":"2021-02-23T09:59:55","modified_gmt":"2021-02-23T12:59:55","slug":"fallecio-una-motociclista-por-un-accidente-en-la-diagonal-carlos-pellegrini","status":"publish","type":"post","link":"https:\/\/vinasfm.com\/noticias\/fallecio-una-motociclista-por-un-accidente-en-la-diagonal-carlos-pellegrini\/","title":{"rendered":"PERDI\u00d3 LA VIDA UNA MOTOCICLISTA POR UN ACCIDENTE EN DIAGONAL  PELLEGRINI"},"content":{"rendered":"<h4><strong><span style=\"color: #000000;\">Una mujer de 52 a\u00f1os perdi\u00f3 la vida el s\u00e1bado pr\u00f3ximo pasado producto de un siniestro vial ocurrido en la Diagonal Carlos Pellegrini e intersecci\u00f3n con callej\u00f3n Falcinelli. <\/span><\/strong><\/h4>\n<p><span style=\"color: #000000;\">El choque fue entre una <strong>moto marca Corven<\/strong>, en la que iba la v\u00edctima fatal, y un auto <strong>Citro\u00ebn<\/strong>, conducido por un <strong>adolescente de 17 a\u00f1os<\/strong>, quien se fue del lugar tras el impacto y fue alcanzado por la Polic\u00eda poco tiempo despu\u00e9s, en <strong>calle Centenario y 6,<span style=\"color: #000000;\">\u00a0<\/span><\/strong>informa el reporte oficial suministrado a <strong>F.M. Vi\u00f1as<\/strong>.<\/span><\/p>\n<p><span style=\"color: #000000;\">El s\u00e1bado por la tarde se produjo un accidente fatal en la <strong>intersecci\u00f3n de Diagonal Carlos Pellegrini y callej\u00f3n Falcinelli<\/strong>. <strong>Una mujer de 52 a\u00f1os, a bordo de una motocicleta marca Corven, y un chico de 17 a\u00f1os, quien conduc\u00eda un auto Citro\u00ebn, colisionaron en el lugar<\/strong>. Producto del impacto,<strong> la se\u00f1ora, identificada como Olga Aguilera, fue trasladada al Hospital Enfermeros Argentinos pero lleg\u00f3 sin signos vitales<\/strong> al nosocomio local.<\/span><\/p>\n<p><span style=\"color: #000000;\">En cuanto <strong>al conductor del rodado mayor, se fue despu\u00e9s del siniestro vial<\/strong> pero en el lugar qued\u00f3 parte del paragolpe con la patente del mismo. Por lo tanto, <strong>luego de un patrullaje, fue ubicado en calle Centenario y 6 el joven involucrado.<\/strong> Pese a esto, a\u00fan <strong>se ignoran mayores detalles sobre el motivo de la colisi\u00f3n<\/strong> que tuvo una v\u00edctima fatal.<\/span><\/p>\n<p><span style=\"color: #000000;\">\u2022<strong>L.A.<\/strong><\/span><\/p>\n","protected":false},"excerpt":{"rendered":"<p>Una mujer de 52 a\u00f1os perdi\u00f3 la vida el s\u00e1bado pr\u00f3ximo pasado producto de un siniestro vial ocurrido en la Diagonal &#8230;<\/p>\n","protected":false},"author":7,"featured_media":85028,"comment_status":"open","ping_status":"open","sticky":false,"template":"","format":"standard","meta":{"footnotes":""},"categories":[5,4],"tags":[],"class_list":["post-85027","post","type-post","status-publish","format-standard","has-post-thumbnail","hentry","category-actualidad","category-policiales"],"_links":{"self":[{"href":"https:\/\/vinasfm.com\/noticias\/wp-json\/wp\/v2\/posts\/85027","targetHints":{"allow":["GET"]}}],"collection":[{"href":"https:\/\/vinasfm.com\/noticias\/wp-json\/wp\/v2\/posts"}],"about":[{"href":"https:\/\/vinasfm.com\/noticias\/wp-json\/wp\/v2\/types\/post"}],"author":[{"embeddable":true,"href":"https:\/\/vinasfm.com\/noticias\/wp-json\/wp\/v2\/users\/7"}],"replies":[{"embeddable":true,"href":"https:\/\/vinasfm.com\/noticias\/wp-json\/wp\/v2\/comments?post=85027"}],"version-history":[{"count":7,"href":"https:\/\/vinasfm.com\/noticias\/wp-json\/wp\/v2\/posts\/85027\/revisions"}],"predecessor-version":[{"id":85069,"href":"https:\/\/vinasfm.com\/noticias\/wp-json\/wp\/v2\/posts\/85027\/revisions\/85069"}],"wp:featuredmedia":[{"embeddable":true,"href":"https:\/\/vinasfm.com\/noticias\/wp-json\/wp\/v2\/media\/85028"}],"wp:attachment":[{"href":"https:\/\/vinasfm.com\/noticias\/wp-json\/wp\/v2\/media?parent=85027"}],"wp:term":[{"taxonomy":"category","embeddable":true,"href":"https:\/\/vinasfm.com\/noticias\/wp-json\/wp\/v2\/categories?post=85027"},{"taxonomy":"post_tag","embeddable":true,"href":"https:\/\/vinasfm.com\/noticias\/wp-json\/wp\/v2\/tags?post=85027"}],"curies":[{"name":"wp","href":"https:\/\/api.w.org\/{rel}","templated":true}]}}