{"id":84157,"date":"2021-01-26T07:57:53","date_gmt":"2021-01-26T10:57:53","guid":{"rendered":"http:\/\/vinasfm.com\/noticias\/?p=84157"},"modified":"2021-01-28T07:35:15","modified_gmt":"2021-01-28T10:35:15","slug":"covid-19-en-alvear-reportaron-9-casos-positivos-y-un-paciente-recuperado","status":"publish","type":"post","link":"https:\/\/vinasfm.com\/noticias\/covid-19-en-alvear-reportaron-9-casos-positivos-y-un-paciente-recuperado\/","title":{"rendered":"COVID-19 EN ALVEAR: REPORTARON 9 CASOS POSITIVOS Y UN PACIENTE RECUPERADO"},"content":{"rendered":"<h4><span style=\"color: #000000;\"><strong>De acuerdo al informe suministrado por el Laboratorio Covid Regi\u00f3n Sur, Alvear registr\u00f3 9 nuevos casos positivos de Covid-19 en las \u00faltimas 24 horas, lapso en el que se confirm\u00f3 la recuperaci\u00f3n de 1 paciente.<\/strong><\/span><\/h4>\n<p><span style=\"color: #000000;\">Al momento, el total de casos acumulados en el Hospital\u00a0<em>Enfermeros Argentinos\u00a0<\/em>es de\u00a0<strong>1854 <\/strong><strong>(67 <\/strong><strong>casos\u00a0<\/strong><strong>activos, 1724 <\/strong><strong>casos recuperados, 63\u00a0<\/strong><strong>fallecimientos<\/strong>).<\/span><\/p>\n<h4 style=\"text-align: center;\"><span style=\"color: #000000;\"><strong>INFORME REGI\u00d3N SUR<\/strong><\/span><\/h4>\n<p><span style=\"color: #000000;\">Este\u00a0<strong>martes<\/strong>, los tres departamentos del sur mendocino sumaron <strong>36\u00a0nuevos<\/strong><strong>\u00a0casos de Covid-19.\u00a0<\/strong>Se procesaron\u00a0<strong>124 muestras de PCR: 88 <\/strong><strong>fueron negativas y 36 <\/strong><b>resultaron positivas.\u00a0<\/b><\/span><\/p>\n<ul>\n<li><span style=\"color: #000000;\"><strong>GENERAL ALVEAR: 9 casos positivos.<\/strong><\/span><\/li>\n<li><span style=\"color: #000000;\"><strong>SAN RAFAEL: 23 casos positivos.<\/strong><\/span><\/li>\n<li><span style=\"color: #000000;\"><strong>MALARG\u00dcE: 4 casos positivos.<\/strong><\/span><\/li>\n<\/ul>\n<p><span style=\"color: #000000;\"><strong>Con estas cifras, San Rafael, Malarg\u00fce y General Alvear cuentan con 7982 casos positivos confirmados de los cuales 6455 se han recuperado y 187 han perdido la vida por Covid-19.<\/strong><\/span><\/p>\n<h5><span style=\"color: #000000;\">\u2022F.B<\/span>.<\/h5>\n","protected":false},"excerpt":{"rendered":"<p>De acuerdo al informe suministrado por el Laboratorio Covid Regi\u00f3n Sur, Alvear registr\u00f3 9 nuevos casos positivos de Covid-19 en las &#8230;<\/p>\n","protected":false},"author":8,"featured_media":69826,"comment_status":"open","ping_status":"open","sticky":false,"template":"","format":"standard","meta":{"footnotes":""},"categories":[5,62],"tags":[],"class_list":["post-84157","post","type-post","status-publish","format-standard","has-post-thumbnail","hentry","category-actualidad","category-coronavirus"],"_links":{"self":[{"href":"https:\/\/vinasfm.com\/noticias\/wp-json\/wp\/v2\/posts\/84157","targetHints":{"allow":["GET"]}}],"collection":[{"href":"https:\/\/vinasfm.com\/noticias\/wp-json\/wp\/v2\/posts"}],"about":[{"href":"https:\/\/vinasfm.com\/noticias\/wp-json\/wp\/v2\/types\/post"}],"author":[{"embeddable":true,"href":"https:\/\/vinasfm.com\/noticias\/wp-json\/wp\/v2\/users\/8"}],"replies":[{"embeddable":true,"href":"https:\/\/vinasfm.com\/noticias\/wp-json\/wp\/v2\/comments?post=84157"}],"version-history":[{"count":2,"href":"https:\/\/vinasfm.com\/noticias\/wp-json\/wp\/v2\/posts\/84157\/revisions"}],"predecessor-version":[{"id":84160,"href":"https:\/\/vinasfm.com\/noticias\/wp-json\/wp\/v2\/posts\/84157\/revisions\/84160"}],"wp:featuredmedia":[{"embeddable":true,"href":"https:\/\/vinasfm.com\/noticias\/wp-json\/wp\/v2\/media\/69826"}],"wp:attachment":[{"href":"https:\/\/vinasfm.com\/noticias\/wp-json\/wp\/v2\/media?parent=84157"}],"wp:term":[{"taxonomy":"category","embeddable":true,"href":"https:\/\/vinasfm.com\/noticias\/wp-json\/wp\/v2\/categories?post=84157"},{"taxonomy":"post_tag","embeddable":true,"href":"https:\/\/vinasfm.com\/noticias\/wp-json\/wp\/v2\/tags?post=84157"}],"curies":[{"name":"wp","href":"https:\/\/api.w.org\/{rel}","templated":true}]}}