{"id":84140,"date":"2021-01-26T06:30:32","date_gmt":"2021-01-26T09:30:32","guid":{"rendered":"http:\/\/vinasfm.com\/noticias\/?p=84140"},"modified":"2021-01-27T18:20:59","modified_gmt":"2021-01-27T21:20:59","slug":"recuperaron-elementos-robados-en-una-bicicleteria-de-bowen","status":"publish","type":"post","link":"https:\/\/vinasfm.com\/noticias\/recuperaron-elementos-robados-en-una-bicicleteria-de-bowen\/","title":{"rendered":"RECUPERARON ELEMENTOS ROBADOS EN UNA BICICLETER\u00cdA DE BOWEN"},"content":{"rendered":"<h4><strong><span style=\"color: #000000;\">En la ma\u00f1ana de este martes, la Polic\u00eda logr\u00f3 secuestrar una importante cantidad de elementos denunciados por el propietario de la bicicleteria &#8216;Sabio&#8217;, que fue escenario de la sustracci\u00f3n de distintos rodados, ruedas y una m\u00e1quina hormigonera durante el fin de semana.<\/span><\/strong><\/h4>\n<p><span style=\"color: #000000;\">El hecho fue ejecutado por amigos de lo ajeno en horas de la tarde del domingo pasado de un lote posterior al local que est\u00e1 ubicado en <strong>Avenida Sarmiento casi Centenario de Bowen<\/strong> ante lo cual los due\u00f1os radicaron la denuncia en Comisar\u00eda 46\u00b0 por lo que la Unidad Fiscal orden\u00f3 la investigaci\u00f3n en torno a este <strong>il\u00edcito que concluy\u00f3 con una medida de allanamiento positivo<\/strong>.<\/span><\/p>\n<p><span style=\"color: #000000;\">La intervenci\u00f3n policial se realiz\u00f3 en una <strong>propiedad ubicada en calle 25 de Mayo<\/strong> logrando recuperar <em><strong>dos colchones, seis bicicletas,<\/strong> <strong>una bicicleta fija, dos ruedas armadas rodado 26, 4 llantas rodado 26<\/strong><\/em> y <strong><em>una maquina hormigonera<\/em><\/strong>. Por orden del Ayudante Fiscal <strong>se procedi\u00f3 a la detenci\u00f3n de la persona que reside en dicho domicilio y se lo puso a disposici\u00f3n de la Justicia<\/strong>.<\/span><\/p>\n<p><span style=\"color: #000000;\">La imagen del fin de semana sin lugar a dudas fue el cartel que Sabio peg\u00f3 en la persiana con la leyenda &#8216;<em><strong>Cerrado por Robo<\/strong><\/em>&#8216; y que refleja la resignaci\u00f3n de un comerciante y en \u00e9l la de todos los vecinos que hastiados de la situaci\u00f3n piden mayor seguridad para un distrito con alto \u00edndice delictivo.\u00a0<\/span><\/p>\n<h5><span style=\"color: #000000;\">\u2022F.B. (F.M. Vi\u00f1as).<\/span><\/h5>\n","protected":false},"excerpt":{"rendered":"<p>En la ma\u00f1ana de este martes, la Polic\u00eda logr\u00f3 secuestrar una importante cantidad de elementos denunciados por el propietario de la &#8230;<\/p>\n","protected":false},"author":8,"featured_media":84142,"comment_status":"open","ping_status":"open","sticky":false,"template":"","format":"standard","meta":{"footnotes":""},"categories":[5,4,11],"tags":[],"class_list":["post-84140","post","type-post","status-publish","format-standard","has-post-thumbnail","hentry","category-actualidad","category-policiales","category-sociales"],"_links":{"self":[{"href":"https:\/\/vinasfm.com\/noticias\/wp-json\/wp\/v2\/posts\/84140","targetHints":{"allow":["GET"]}}],"collection":[{"href":"https:\/\/vinasfm.com\/noticias\/wp-json\/wp\/v2\/posts"}],"about":[{"href":"https:\/\/vinasfm.com\/noticias\/wp-json\/wp\/v2\/types\/post"}],"author":[{"embeddable":true,"href":"https:\/\/vinasfm.com\/noticias\/wp-json\/wp\/v2\/users\/8"}],"replies":[{"embeddable":true,"href":"https:\/\/vinasfm.com\/noticias\/wp-json\/wp\/v2\/comments?post=84140"}],"version-history":[{"count":3,"href":"https:\/\/vinasfm.com\/noticias\/wp-json\/wp\/v2\/posts\/84140\/revisions"}],"predecessor-version":[{"id":84145,"href":"https:\/\/vinasfm.com\/noticias\/wp-json\/wp\/v2\/posts\/84140\/revisions\/84145"}],"wp:featuredmedia":[{"embeddable":true,"href":"https:\/\/vinasfm.com\/noticias\/wp-json\/wp\/v2\/media\/84142"}],"wp:attachment":[{"href":"https:\/\/vinasfm.com\/noticias\/wp-json\/wp\/v2\/media?parent=84140"}],"wp:term":[{"taxonomy":"category","embeddable":true,"href":"https:\/\/vinasfm.com\/noticias\/wp-json\/wp\/v2\/categories?post=84140"},{"taxonomy":"post_tag","embeddable":true,"href":"https:\/\/vinasfm.com\/noticias\/wp-json\/wp\/v2\/tags?post=84140"}],"curies":[{"name":"wp","href":"https:\/\/api.w.org\/{rel}","templated":true}]}}