{"id":83951,"date":"2021-01-18T09:00:22","date_gmt":"2021-01-18T12:00:22","guid":{"rendered":"http:\/\/vinasfm.com\/noticias\/?p=83951"},"modified":"2021-01-21T08:55:07","modified_gmt":"2021-01-21T11:55:07","slug":"covid-19-alvear-confirmo-un-fallecimiento-y-5-casos-positivos","status":"publish","type":"post","link":"https:\/\/vinasfm.com\/noticias\/covid-19-alvear-confirmo-un-fallecimiento-y-5-casos-positivos\/","title":{"rendered":"COVID-19: ALVEAR CONFIRM\u00d3 UN FALLECIMIENTO Y 5 CASOS POSITIVOS"},"content":{"rendered":"<h4><strong>De acuerdo al informe suministrado por el Laboratorio Covid Regi\u00f3n Sur, Alvear registr\u00f3 un fallecimiento y 5 nuevos casos positivos de Covid-19 en las \u00faltimas 24 horas, lapso en el que se confirm\u00f3 la recuperaci\u00f3n de 8 pacientes.<\/strong><\/h4>\n<p>Al momento, el total de casos acumulados en el Hospital\u00a0<em>Enfermeros Argentinos\u00a0<\/em>es de\u00a0<strong>1820 <\/strong><strong>(51 <\/strong><strong>casos\u00a0<\/strong><strong>activos, 1695 <\/strong><strong>casos recuperados, 57 <\/strong><strong>fallecimientos<\/strong>).<\/p>\n<h4><strong>INFORME REGI\u00d3N SUR<\/strong><\/h4>\n<p>Este mi\u00e9rcoles, los tres departamentos del sur mendocino sumaron <strong>\u00a032 nuevos<\/strong><strong>\u00a0casos de Covid-19. <\/strong>Se procesaron <strong>124 muestras de PCR: 92 <\/strong><strong>fueron negativas y 32 <\/strong><b>resultaron positivas.\u00a0<\/b><\/p>\n<ul>\n<li><strong>GENERAL ALVEAR: 5 casos positivos.<\/strong><\/li>\n<li><strong>SAN RAFAEL: 26 casos positivos.<\/strong><\/li>\n<li><strong>MALARG\u00dcE: 1 casos positivos.<\/strong><\/li>\n<\/ul>\n<p><strong>Con estas cifras, San Rafael, Malarg\u00fce y General Alvear cuentan con 7840 casos positivos confirmados de los cuales 6261 se han recuperado y 177 han perdido la vida por Covid-19.<\/strong><\/p>\n<p>\u2022<strong>L.A.<\/strong><\/p>\n","protected":false},"excerpt":{"rendered":"<p>De acuerdo al informe suministrado por el Laboratorio Covid Regi\u00f3n Sur, Alvear registr\u00f3 un fallecimiento y 5 nuevos casos positivos de &#8230;<\/p>\n","protected":false},"author":7,"featured_media":61610,"comment_status":"open","ping_status":"open","sticky":false,"template":"","format":"standard","meta":{"footnotes":""},"categories":[5,62,15],"tags":[],"class_list":["post-83951","post","type-post","status-publish","format-standard","has-post-thumbnail","hentry","category-actualidad","category-coronavirus","category-salud"],"_links":{"self":[{"href":"https:\/\/vinasfm.com\/noticias\/wp-json\/wp\/v2\/posts\/83951","targetHints":{"allow":["GET"]}}],"collection":[{"href":"https:\/\/vinasfm.com\/noticias\/wp-json\/wp\/v2\/posts"}],"about":[{"href":"https:\/\/vinasfm.com\/noticias\/wp-json\/wp\/v2\/types\/post"}],"author":[{"embeddable":true,"href":"https:\/\/vinasfm.com\/noticias\/wp-json\/wp\/v2\/users\/7"}],"replies":[{"embeddable":true,"href":"https:\/\/vinasfm.com\/noticias\/wp-json\/wp\/v2\/comments?post=83951"}],"version-history":[{"count":1,"href":"https:\/\/vinasfm.com\/noticias\/wp-json\/wp\/v2\/posts\/83951\/revisions"}],"predecessor-version":[{"id":83952,"href":"https:\/\/vinasfm.com\/noticias\/wp-json\/wp\/v2\/posts\/83951\/revisions\/83952"}],"wp:featuredmedia":[{"embeddable":true,"href":"https:\/\/vinasfm.com\/noticias\/wp-json\/wp\/v2\/media\/61610"}],"wp:attachment":[{"href":"https:\/\/vinasfm.com\/noticias\/wp-json\/wp\/v2\/media?parent=83951"}],"wp:term":[{"taxonomy":"category","embeddable":true,"href":"https:\/\/vinasfm.com\/noticias\/wp-json\/wp\/v2\/categories?post=83951"},{"taxonomy":"post_tag","embeddable":true,"href":"https:\/\/vinasfm.com\/noticias\/wp-json\/wp\/v2\/tags?post=83951"}],"curies":[{"name":"wp","href":"https:\/\/api.w.org\/{rel}","templated":true}]}}