{"id":83930,"date":"2021-01-19T12:28:51","date_gmt":"2021-01-19T15:28:51","guid":{"rendered":"http:\/\/vinasfm.com\/noticias\/?p=83930"},"modified":"2021-01-20T12:07:14","modified_gmt":"2021-01-20T15:07:14","slug":"cortaron-un-cable-en-calle-triccerri-que-dejo-sin-luz-al-sector-industrial-y-alvear-oeste","status":"publish","type":"post","link":"https:\/\/vinasfm.com\/noticias\/cortaron-un-cable-en-calle-triccerri-que-dejo-sin-luz-al-sector-industrial-y-alvear-oeste\/","title":{"rendered":"CORTARON UN CABLE EN CALLE TRICCERRI QUE DEJ\u00d3 SIN LUZ AL SECTOR INDUSTRIAL Y ALVEAR OESTE"},"content":{"rendered":"<h4>En el d\u00eda de ayer Cecsagal detect\u00f3 un cable cortado en calle Triccerri, raz\u00f3n por la que estuvo afectado el servicio en ese sector y zonas aleda\u00f1as. Gran parte del servicio se reestableci\u00f3, pero la zona m\u00e1s pr\u00f3xima al lugar del corte sigue sin servicio.<\/h4>\n<p>Este lunes la cooperativa el\u00e9ctrica detect\u00f3 una l\u00ednea cortada mientras intentaban solucionar el problema que dej\u00f3 sin luz a buena parte del radio c\u00e9ntrico. El Ingeniero Mauricio Iboldi, explic\u00f3 la situaci\u00f3n que debieron llevar adelante en el d\u00eda de ayer:<em><strong> \u00abTuvimos una salida del alimentador de la zona industrial, se hicieron unas maniobras hasta que el personal de la guardia descubri\u00f3 un cable de media tensi\u00f3n cortado en la calle Tricherri, al norte de la Pellegrini\u00bb.<\/strong><\/em><\/p>\n<p>Como consecuencia de esta rotura, el Jefe de Operaciones el\u00e9ctricas explic\u00f3: <em><strong>\u00abEste golpe nos afect\u00f3 toda la zona industrial y Alvear Oeste. Ya se hicieron las maniobras como para que vuelva el servicio. Qued\u00f3 una zona peque\u00f1a en la calle Triccerri, hasta que pueda ir personal de redes ir a repararlo\u00bb.\u00a0<\/strong><\/em>Tras haber reparado gran parte del da\u00f1o, Cecsagal comunic\u00f3 que se est\u00e1 investigando la causa del corte. Adem\u00e1s, desde la empresa solicitan circular con precauci\u00f3n en la zona.<\/p>\n<p>\u2022<strong>L.A.<\/strong><\/p>\n","protected":false},"excerpt":{"rendered":"<p>En el d\u00eda de ayer Cecsagal detect\u00f3 un cable cortado en calle Triccerri, raz\u00f3n por la que estuvo afectado el servicio &#8230;<\/p>\n","protected":false},"author":7,"featured_media":66831,"comment_status":"open","ping_status":"open","sticky":false,"template":"","format":"standard","meta":{"footnotes":""},"categories":[5,60,11],"tags":[],"class_list":["post-83930","post","type-post","status-publish","format-standard","has-post-thumbnail","hentry","category-actualidad","category-cecsagal","category-sociales"],"_links":{"self":[{"href":"https:\/\/vinasfm.com\/noticias\/wp-json\/wp\/v2\/posts\/83930","targetHints":{"allow":["GET"]}}],"collection":[{"href":"https:\/\/vinasfm.com\/noticias\/wp-json\/wp\/v2\/posts"}],"about":[{"href":"https:\/\/vinasfm.com\/noticias\/wp-json\/wp\/v2\/types\/post"}],"author":[{"embeddable":true,"href":"https:\/\/vinasfm.com\/noticias\/wp-json\/wp\/v2\/users\/7"}],"replies":[{"embeddable":true,"href":"https:\/\/vinasfm.com\/noticias\/wp-json\/wp\/v2\/comments?post=83930"}],"version-history":[{"count":1,"href":"https:\/\/vinasfm.com\/noticias\/wp-json\/wp\/v2\/posts\/83930\/revisions"}],"predecessor-version":[{"id":83935,"href":"https:\/\/vinasfm.com\/noticias\/wp-json\/wp\/v2\/posts\/83930\/revisions\/83935"}],"wp:featuredmedia":[{"embeddable":true,"href":"https:\/\/vinasfm.com\/noticias\/wp-json\/wp\/v2\/media\/66831"}],"wp:attachment":[{"href":"https:\/\/vinasfm.com\/noticias\/wp-json\/wp\/v2\/media?parent=83930"}],"wp:term":[{"taxonomy":"category","embeddable":true,"href":"https:\/\/vinasfm.com\/noticias\/wp-json\/wp\/v2\/categories?post=83930"},{"taxonomy":"post_tag","embeddable":true,"href":"https:\/\/vinasfm.com\/noticias\/wp-json\/wp\/v2\/tags?post=83930"}],"curies":[{"name":"wp","href":"https:\/\/api.w.org\/{rel}","templated":true}]}}