{"id":83920,"date":"2021-01-19T10:30:53","date_gmt":"2021-01-19T13:30:53","guid":{"rendered":"http:\/\/vinasfm.com\/noticias\/?p=83920"},"modified":"2021-01-20T10:36:42","modified_gmt":"2021-01-20T13:36:42","slug":"afiliados-de-osep-reclamaron-por-mala-atencion-y-diversas-falencias-en-los-servicios-de-la-mutual","status":"publish","type":"post","link":"https:\/\/vinasfm.com\/noticias\/afiliados-de-osep-reclamaron-por-mala-atencion-y-diversas-falencias-en-los-servicios-de-la-mutual\/","title":{"rendered":"AFILIADOS DE OSEP RECLAMARON POR MALA ATENCI\u00d3N Y DIVERSAS FALENCIAS EN LOS SERVICIOS DE LA MUTUAL"},"content":{"rendered":"<h4>Un grupo de afiliados auto convocados de OSEP, hicieron una nota de reclamo con m\u00e1s de 800 firmas, protestando por falencias en la atenci\u00f3n en la mutual, servicios limitados en sanatorios, coseguros m\u00e1s caros de lo establecido por convenio, entre otros inconvenientes. Oscar Alonso y Nilda Baroto, dieron algunos detalles de los problemas que atraviesan.<\/h4>\n<p>En di\u00e1logo con FM VI\u00d1AS, dos de los propulsores de la iniciativa para reclamar, hablaron sobre c\u00f3mo surgi\u00f3 la idea. <em><strong>\u00abDebido a las falencias que ten\u00edamos, nos juntamos para hacer una nota para presentar en el Concejo Deliberante, otra al Director de OSEP en Alvear y la otra, a la casa central en Mendoza\u00bb<\/strong><\/em>, explic\u00f3 Oscar Alonso, y agreg\u00f3: <em><strong>\u00abLa fuimos pasando por whatsapp para que cada afiliado se comunique con otro para juntar firmas\u00bb.<\/strong><\/em><\/p>\n<p>Por su parte, Nilda Baroto aport\u00f3: <em><strong>\u00abReclamamos por la notoria desigualdad que tenemos en el tratamiento en Alvear con respecto a cualquier otro departamento. Si tienen que firmar alguna autorizaci\u00f3n se demora mucho y los reintegros a veces quedan en el olvido, porque es m\u00e1s burocracia de lo que te reintegran\u00bb<\/strong><\/em>. Por otro lado, Baroto tambi\u00e9n critic\u00f3: <em><strong>\u00abLos m\u00e9dicos se niegan a hacer cirug\u00edas en el sanatorio Gasa y el Atuel, y dicen que el hospital es para indigentes\u00bb.<\/strong><\/em><\/p>\n<p>Con estos motivos para reclamar y apoyados por un buen n\u00famero de personas, ambos representantes del colectivo aclararon que<em><strong> \u00abno tiene nada que ver con el municipio\u00bb y \u00abque no hay ninguna ideolog\u00eda atr\u00e1s\u00bb<\/strong><\/em>. Y despu\u00e9s de una larga <strong>charla que mantuvieron con el delegado de la mutual en el departamento (Dr. Rodolfo Mart\u00ednez),<\/strong> convoc\u00f3 a los medios a pedirle explicaciones en OSEP sobre la situaci\u00f3n de sus afiliados.<\/p>\n<p>Por \u00faltimo, mencionaron algunos de los puntos salientes con los que est\u00e1n desconformes: <strong>desigualdad en el trato con respecto a San Rafael y Mendoza; internaciones en sanatorios cortadas; an\u00e1lisis bioqu\u00edmicos limitados; hay medicamentos que aparecen con cobertura 100% pero en OSEP hay pagar un porcentaje de 30 a 40%; y burocracia excesiva en cosas esenciales.<\/strong> De esta manera, los afiliados ya dieron al primer paso para intentar contar con servicios de salud acordes al aporte que hacen a la mutual.<\/p>\n<p>\u2022<strong>L.A.<\/strong><\/p>\n","protected":false},"excerpt":{"rendered":"<p>Un grupo de afiliados auto convocados de OSEP, hicieron una nota de reclamo con m\u00e1s de 800 firmas, protestando por falencias &#8230;<\/p>\n","protected":false},"author":7,"featured_media":7093,"comment_status":"open","ping_status":"open","sticky":false,"template":"","format":"standard","meta":{"footnotes":""},"categories":[5,11],"tags":[],"class_list":["post-83920","post","type-post","status-publish","format-standard","has-post-thumbnail","hentry","category-actualidad","category-sociales"],"_links":{"self":[{"href":"https:\/\/vinasfm.com\/noticias\/wp-json\/wp\/v2\/posts\/83920","targetHints":{"allow":["GET"]}}],"collection":[{"href":"https:\/\/vinasfm.com\/noticias\/wp-json\/wp\/v2\/posts"}],"about":[{"href":"https:\/\/vinasfm.com\/noticias\/wp-json\/wp\/v2\/types\/post"}],"author":[{"embeddable":true,"href":"https:\/\/vinasfm.com\/noticias\/wp-json\/wp\/v2\/users\/7"}],"replies":[{"embeddable":true,"href":"https:\/\/vinasfm.com\/noticias\/wp-json\/wp\/v2\/comments?post=83920"}],"version-history":[{"count":1,"href":"https:\/\/vinasfm.com\/noticias\/wp-json\/wp\/v2\/posts\/83920\/revisions"}],"predecessor-version":[{"id":83928,"href":"https:\/\/vinasfm.com\/noticias\/wp-json\/wp\/v2\/posts\/83920\/revisions\/83928"}],"wp:featuredmedia":[{"embeddable":true,"href":"https:\/\/vinasfm.com\/noticias\/wp-json\/wp\/v2\/media\/7093"}],"wp:attachment":[{"href":"https:\/\/vinasfm.com\/noticias\/wp-json\/wp\/v2\/media?parent=83920"}],"wp:term":[{"taxonomy":"category","embeddable":true,"href":"https:\/\/vinasfm.com\/noticias\/wp-json\/wp\/v2\/categories?post=83920"},{"taxonomy":"post_tag","embeddable":true,"href":"https:\/\/vinasfm.com\/noticias\/wp-json\/wp\/v2\/tags?post=83920"}],"curies":[{"name":"wp","href":"https:\/\/api.w.org\/{rel}","templated":true}]}}