{"id":83917,"date":"2021-01-19T08:15:19","date_gmt":"2021-01-19T11:15:19","guid":{"rendered":"http:\/\/vinasfm.com\/noticias\/?p=83917"},"modified":"2021-01-19T08:15:19","modified_gmt":"2021-01-19T11:15:19","slug":"la-secretaria-de-desarrollo-humano-traslada-su-programa-de-atencion-a-los-distritos","status":"publish","type":"post","link":"https:\/\/vinasfm.com\/noticias\/la-secretaria-de-desarrollo-humano-traslada-su-programa-de-atencion-a-los-distritos\/","title":{"rendered":"LA SECRETAR\u00cdA DE DESARROLLO HUMANO TRASLADA SU PROGRAMA DE ATENCI\u00d3N A LOS DISTRITOS"},"content":{"rendered":"<h4><span style=\"color: #000000;\">Desde este mi\u00e9rcoles, se llevar\u00e1 a cabo un programa de atenci\u00f3n de Desarrollo Humano en distritos, para llegar a los vecinos a los que les cuesta llegar a las oficinas de la Municipalidad en zona c\u00e9ntrica. Con fechas de atenci\u00f3n confirmadas en Alvear Oeste, Carmensa y Bowen, el objetivo es \u00abllegar a cada vecino que lo necesite\u00bb, seg\u00fan afirm\u00f3 Norma Ruiz.<\/span><\/h4>\n<p><span style=\"color: #000000;\">La Secretaria de Desarrollo Humano anunci\u00f3 un cambio en la atenci\u00f3n a los vecinos de General Alvear para extender el \u00e1rea de influencia: <em><strong>\u00abHemos implementado nuevos recursos de forma tal que contemplamos al vecino de General Alvear, entendiendo a los que est\u00e1n m\u00e1s alejados de Ciudad\u00bb<\/strong><\/em>. Para lograrlo, Norma Ruiz explic\u00f3: <em><strong>\u00abVamos a hacer atenci\u00f3n en los distritos, una descentralizaci\u00f3n en los programas como los de erradiaci\u00f3n de letrinsas, reparaci\u00f3n de techos y garrafas subisidadas. Tambi\u00e9n vamos a cubrir<\/strong><\/em><em><strong> los servicios que tienen que ver con medicamentos, pasajes y la copa de leche\u00bb:<\/strong><\/em><\/span><\/p>\n<p><span style=\"color: #000000;\">Con respecto al motivo que provoca este cambio en el proceder de la Secretar\u00eda, explic\u00f3: <strong><em>\u00abSabemos que para el vecino de la zona rural es sumamente complicado llegar a nuestras oficinas y a las delegaciones. Y cuando uno recorre el territorio se da cuenta de las grandes superificies que hay que llegar a todos\u00bb.\u00a0<\/em><\/strong>Por esa raz\u00f3n, la funcionaria ya anticip\u00f3 las primeras fechas de trabajo: <em><strong>\u00abEste mi\u00e9rcoles 20 vamos a estar en Delegaci\u00f3n de Bowen y Alvear Oeste y el jueves 28, en Bowen y Alvear Oeste\u00bb.<\/strong><\/em><\/span><\/p>\n<p><span style=\"color: #000000;\">Por \u00faltimo, Ruiz destac\u00f3 a los distintos actores involucrados en esta ampliaci\u00f3n territorial. <em><strong>\u00abTenemos un recurso humano importante, que es un grupo de 7 trabajadoras sociales, que van a hacer las encuestas a los vecinos. Quiero felicitar a todos los referentes que han estado y siguen alimentando a nuestros ni\u00f1os, a las organizaciones de sociedad civil, iglesias, uniones vecinales y merenderos\u00bb<\/strong><\/em>, declar\u00f3 la Secretaria y cerr\u00f3: <strong><em>\u00abQueremos llegar a todo el departamento, a cada vecino que lo necesite\u00bb.<\/em><\/strong><\/span><\/p>\n<p><span style=\"color: #000000;\">\u2022<strong>L.A<\/strong>.<\/span><\/p>\n","protected":false},"excerpt":{"rendered":"<p>Desde este mi\u00e9rcoles, se llevar\u00e1 a cabo un programa de atenci\u00f3n de Desarrollo Humano en distritos, para llegar a los vecinos &#8230;<\/p>\n","protected":false},"author":7,"featured_media":31791,"comment_status":"open","ping_status":"open","sticky":false,"template":"","format":"standard","meta":{"footnotes":""},"categories":[1],"tags":[],"class_list":["post-83917","post","type-post","status-publish","format-standard","has-post-thumbnail","hentry","category-fmvinas"],"_links":{"self":[{"href":"https:\/\/vinasfm.com\/noticias\/wp-json\/wp\/v2\/posts\/83917","targetHints":{"allow":["GET"]}}],"collection":[{"href":"https:\/\/vinasfm.com\/noticias\/wp-json\/wp\/v2\/posts"}],"about":[{"href":"https:\/\/vinasfm.com\/noticias\/wp-json\/wp\/v2\/types\/post"}],"author":[{"embeddable":true,"href":"https:\/\/vinasfm.com\/noticias\/wp-json\/wp\/v2\/users\/7"}],"replies":[{"embeddable":true,"href":"https:\/\/vinasfm.com\/noticias\/wp-json\/wp\/v2\/comments?post=83917"}],"version-history":[{"count":1,"href":"https:\/\/vinasfm.com\/noticias\/wp-json\/wp\/v2\/posts\/83917\/revisions"}],"predecessor-version":[{"id":83918,"href":"https:\/\/vinasfm.com\/noticias\/wp-json\/wp\/v2\/posts\/83917\/revisions\/83918"}],"wp:featuredmedia":[{"embeddable":true,"href":"https:\/\/vinasfm.com\/noticias\/wp-json\/wp\/v2\/media\/31791"}],"wp:attachment":[{"href":"https:\/\/vinasfm.com\/noticias\/wp-json\/wp\/v2\/media?parent=83917"}],"wp:term":[{"taxonomy":"category","embeddable":true,"href":"https:\/\/vinasfm.com\/noticias\/wp-json\/wp\/v2\/categories?post=83917"},{"taxonomy":"post_tag","embeddable":true,"href":"https:\/\/vinasfm.com\/noticias\/wp-json\/wp\/v2\/tags?post=83917"}],"curies":[{"name":"wp","href":"https:\/\/api.w.org\/{rel}","templated":true}]}}