{"id":83910,"date":"2021-01-18T19:24:45","date_gmt":"2021-01-18T22:24:45","guid":{"rendered":"http:\/\/vinasfm.com\/noticias\/?p=83910"},"modified":"2021-01-20T08:57:43","modified_gmt":"2021-01-20T11:57:43","slug":"avanza-la-construccion-del-barrio-alimentacion-v-y-planean-terminarlo-a-mediados-de-2021","status":"publish","type":"post","link":"https:\/\/vinasfm.com\/noticias\/avanza-la-construccion-del-barrio-alimentacion-v-y-planean-terminarlo-a-mediados-de-2021\/","title":{"rendered":"AVANZA LA CONSTRUCCI\u00d3N DEL BARRIO ALIMENTACI\u00d3N V Y PLANEAN TERMINARLO A MEDIADOS DE 2021"},"content":{"rendered":"<h4>El Director de Vivienda, Fabi\u00e1n Gim\u00e9nez, asegur\u00f3 que la obra tiene un avance de 55% y podr\u00eda estar terminada a mediados de a\u00f1o. Sergio Stehlik, Inspector del IPV, fue otro de los funcionarios que recorrieron la obra en el d\u00eda de hoy y brind\u00f3 detalles sobre la construcci\u00f3n de la nueva parte del Barrio Alimentaci\u00f3n que se est\u00e1 llevando a cabo.<\/h4>\n<div>La obra del Barrio Alimentaci\u00f3n V se encuentra en un 55% de avance y se estima que podr\u00eda estar culminada a mediados de a\u00f1o, d\u00e1ndole hogar a 25 familias seg\u00fan explic\u00f3 Fabi\u00e1n Gim\u00e9nez. Por otro lado, el Director de Viviendas asegur\u00f3 que ya trabajan en otras construcciones: <strong><em>\u201cHoy tenemos una reuni\u00f3n con la gente del IPV para el armado de la licitaci\u00f3n de pr\u00f3ximos barrios, se trata del Barrio Don Valent\u00edn, Vi\u00f1as del Oeste y Malvinas Argentinas, estamos ultimando los detalles t\u00e9cnicos, sociales y legales que solicitan para armar el pliego\u201d.<\/em><\/strong><\/div>\n<div><\/div>\n<div>Por su parte, Sergio Stehlik, Inspector del IPV, manifest\u00f3: <strong><em>\u201cEste programa se caracteriza por dos condiciones, la urbanizaci\u00f3n y servicios se encarga el Municipio con la entidad y la otra particularidad es que el sistema constructivo del techo es un sistema de chapa liviana con aislaci\u00f3n de poliuretano y chapa en el interior de la vivienda que oficia de cielo raso, hasta la cubierta del techo es un sistema tradicional\u201d. <\/em><\/strong>Adem\u00e1s de Gim\u00e9nez y Stehlik, tambi\u00e9n <strong>recorrieron la obra la Presidente del Concejo Deliberante, Patricia Salice, el Secretario de Obras P\u00fablicas, Ignacio Castro, y el Director de Vivienda, Fabi\u00e1n Gim\u00e9nez.<\/strong><\/div>\n<div><\/div>\n<div>En cuanto a las caracter\u00edsticas de las viviendas, cuentan con <strong>62 metros cuadrados<\/strong>, y los lotes tienen una <strong>superficie cubierta de entre 215 y 350 m2<\/strong>, <strong>la mayor\u00eda de los lotes tienen 12,50 de ancho por 17 metros de largo<\/strong>,<strong> los m\u00e1s grandes tienen 10 metros de ancho por 35 metros de largo<\/strong>, seg\u00fan especific\u00f3 Stehlik. Actualmente se est\u00e1 culminando con las instalaciones el\u00e9ctricas y de gas, estimando que a mediados de a\u00f1o se estar\u00eda terminando la obra.<\/div>\n","protected":false},"excerpt":{"rendered":"<p>El Director de Vivienda, Fabi\u00e1n Gim\u00e9nez, asegur\u00f3 que la obra tiene un avance de 55% y podr\u00eda estar terminada a mediados &#8230;<\/p>\n","protected":false},"author":7,"featured_media":83008,"comment_status":"open","ping_status":"open","sticky":false,"template":"","format":"standard","meta":{"footnotes":""},"categories":[5,67,11],"tags":[],"class_list":["post-83910","post","type-post","status-publish","format-standard","has-post-thumbnail","hentry","category-actualidad","category-ipv","category-sociales"],"_links":{"self":[{"href":"https:\/\/vinasfm.com\/noticias\/wp-json\/wp\/v2\/posts\/83910","targetHints":{"allow":["GET"]}}],"collection":[{"href":"https:\/\/vinasfm.com\/noticias\/wp-json\/wp\/v2\/posts"}],"about":[{"href":"https:\/\/vinasfm.com\/noticias\/wp-json\/wp\/v2\/types\/post"}],"author":[{"embeddable":true,"href":"https:\/\/vinasfm.com\/noticias\/wp-json\/wp\/v2\/users\/7"}],"replies":[{"embeddable":true,"href":"https:\/\/vinasfm.com\/noticias\/wp-json\/wp\/v2\/comments?post=83910"}],"version-history":[{"count":1,"href":"https:\/\/vinasfm.com\/noticias\/wp-json\/wp\/v2\/posts\/83910\/revisions"}],"predecessor-version":[{"id":83911,"href":"https:\/\/vinasfm.com\/noticias\/wp-json\/wp\/v2\/posts\/83910\/revisions\/83911"}],"wp:featuredmedia":[{"embeddable":true,"href":"https:\/\/vinasfm.com\/noticias\/wp-json\/wp\/v2\/media\/83008"}],"wp:attachment":[{"href":"https:\/\/vinasfm.com\/noticias\/wp-json\/wp\/v2\/media?parent=83910"}],"wp:term":[{"taxonomy":"category","embeddable":true,"href":"https:\/\/vinasfm.com\/noticias\/wp-json\/wp\/v2\/categories?post=83910"},{"taxonomy":"post_tag","embeddable":true,"href":"https:\/\/vinasfm.com\/noticias\/wp-json\/wp\/v2\/tags?post=83910"}],"curies":[{"name":"wp","href":"https:\/\/api.w.org\/{rel}","templated":true}]}}