{"id":83891,"date":"2021-01-18T08:10:05","date_gmt":"2021-01-18T11:10:05","guid":{"rendered":"http:\/\/vinasfm.com\/noticias\/?p=83891"},"modified":"2021-01-19T10:09:34","modified_gmt":"2021-01-19T13:09:34","slug":"un-auto-volco-en-ruta-188-y-el-conductor-se-fue-a-la-casa-de-un-familiar","status":"publish","type":"post","link":"https:\/\/vinasfm.com\/noticias\/un-auto-volco-en-ruta-188-y-el-conductor-se-fue-a-la-casa-de-un-familiar\/","title":{"rendered":"UN AUTO VOLC\u00d3 EN RUTA 188 Y EL CONDUCTOR SE FUE A LA CASA DE UN FAMILIAR"},"content":{"rendered":"<h4><span style=\"color: #000000;\">El viernes un Toyota Corolla volc\u00f3 en la Ruta 188 a la altura del kil\u00f3metro 732, cerca del cruce con la 206. El veh\u00edculo era manejado por un hombre, quien fue el \u00fanico involucrado en el siniestro. No result\u00f3 lesionado por el impacto y, cuando fue identificado, ya estaba en la casa de un familiar en Goudge.<\/span><\/h4>\n<p><span style=\"color: #000000;\">El pasado <strong>viernes a las 21 hs, la Polic\u00eda tom\u00f3 conocimiento de un vuelco que se produjo en la Ruta 188<\/strong> (km 732), cerca de la intersecci\u00f3n con la Ruta Provincial 206. El auto que protagoniz\u00f3 el siniestro fue<strong> un Toyota Corolla de color negro<\/strong>, que se encontraba 5 metros campo adentro, despu\u00e9s de un cerco perimetral, y era <strong>conducido por un hombre mayor de edad, oriundo de Rosario.<\/strong><\/span><\/p>\n<p><span style=\"color: #000000;\">El hombre asegur\u00f3 que <strong>era el \u00fanico ocupante del auto al momento del impacto, que no result\u00f3 herido por el golpe y tampoco hubo otras personas involucradas<\/strong>, por lo que lo m\u00e1s grave del siniestro fueron los da\u00f1os en el rodado. <strong>Adem\u00e1s, cuando lograron identificarlo, aclar\u00f3 que estaba en la casa de un familiar en el distrito de Goudge.<\/strong><\/span><\/p>\n<p><span style=\"color: #000000;\">Al momento de la llegada de los efectivos, <strong>no hab\u00eda ocupantes del auto dentro del mismo ni en las zonas aleda\u00f1as.<\/strong> A su vez tampoco se hab\u00eda registrado el ingreso de alguna persona lesionada en el Hospital Enfermeros Argentinos ni en ninguno de los centros de salud. Algunas horas m\u00e1s tarde, <strong>desde la Comisar\u00eda lograron comunicarse en forma tel\u00e9fonica con el conductor del veh\u00edculo para tener m\u00e1s detalles del siniestro.<\/strong><\/span><\/p>\n<p>\u2022<strong>L.A.<\/strong><\/p>\n","protected":false},"excerpt":{"rendered":"<p>El viernes un Toyota Corolla volc\u00f3 en la Ruta 188 a la altura del kil\u00f3metro 732, cerca del cruce con la &#8230;<\/p>\n","protected":false},"author":7,"featured_media":83892,"comment_status":"open","ping_status":"open","sticky":false,"template":"","format":"standard","meta":{"footnotes":""},"categories":[5,4,56,21],"tags":[],"class_list":["post-83891","post","type-post","status-publish","format-standard","has-post-thumbnail","hentry","category-actualidad","category-policiales","category-seguridad-vial","category-turismo-2"],"_links":{"self":[{"href":"https:\/\/vinasfm.com\/noticias\/wp-json\/wp\/v2\/posts\/83891","targetHints":{"allow":["GET"]}}],"collection":[{"href":"https:\/\/vinasfm.com\/noticias\/wp-json\/wp\/v2\/posts"}],"about":[{"href":"https:\/\/vinasfm.com\/noticias\/wp-json\/wp\/v2\/types\/post"}],"author":[{"embeddable":true,"href":"https:\/\/vinasfm.com\/noticias\/wp-json\/wp\/v2\/users\/7"}],"replies":[{"embeddable":true,"href":"https:\/\/vinasfm.com\/noticias\/wp-json\/wp\/v2\/comments?post=83891"}],"version-history":[{"count":1,"href":"https:\/\/vinasfm.com\/noticias\/wp-json\/wp\/v2\/posts\/83891\/revisions"}],"predecessor-version":[{"id":83893,"href":"https:\/\/vinasfm.com\/noticias\/wp-json\/wp\/v2\/posts\/83891\/revisions\/83893"}],"wp:featuredmedia":[{"embeddable":true,"href":"https:\/\/vinasfm.com\/noticias\/wp-json\/wp\/v2\/media\/83892"}],"wp:attachment":[{"href":"https:\/\/vinasfm.com\/noticias\/wp-json\/wp\/v2\/media?parent=83891"}],"wp:term":[{"taxonomy":"category","embeddable":true,"href":"https:\/\/vinasfm.com\/noticias\/wp-json\/wp\/v2\/categories?post=83891"},{"taxonomy":"post_tag","embeddable":true,"href":"https:\/\/vinasfm.com\/noticias\/wp-json\/wp\/v2\/tags?post=83891"}],"curies":[{"name":"wp","href":"https:\/\/api.w.org\/{rel}","templated":true}]}}