{"id":83865,"date":"2021-01-18T07:31:29","date_gmt":"2021-01-18T10:31:29","guid":{"rendered":"http:\/\/vinasfm.com\/noticias\/?p=83865"},"modified":"2021-01-19T08:16:33","modified_gmt":"2021-01-19T11:16:33","slug":"ataque-a-una-concesionaria-rompieron-los-parabrisas-de-ocho-vehiculos-que-estaban-en-la-via-publica","status":"publish","type":"post","link":"https:\/\/vinasfm.com\/noticias\/ataque-a-una-concesionaria-rompieron-los-parabrisas-de-ocho-vehiculos-que-estaban-en-la-via-publica\/","title":{"rendered":"ATAQUE A UNA CONCESIONARIA: ROMPIERON LOS PARABRISAS DE OCHO VEH\u00cdCULOS QUE ESTABAN EN LA V\u00cdA P\u00daBLICA"},"content":{"rendered":"<h4>Ocho veh\u00edculos fueron da\u00f1ados en una concesionaria ubicada en la Avenida Alvear Este. El propietario denunci\u00f3 el pasado viernes el ataque que sufrieron sus bienes el d\u00eda anterior, pero se desconocen la identidad de los agresores.<\/h4>\n<p>El pasado viernes, el propietario de <strong>una concesionaria de veh\u00edculos ubicada en Avenida Alvear Este y calle Buenos Aires<\/strong>, denunci\u00f3 que el d\u00eda jueves al mediod\u00eda, <strong>personas de identidad desconocida<\/strong> <strong>da\u00f1aron ocho autos de su propieda<\/strong>d, que estaban estacionados en la v\u00eda p\u00fablica. De acuerdo a lo que explic\u00f3 el denunciante, <strong>\u00e9l ingres\u00f3 al domicilio a las 13 horas, y cuando sali\u00f3 a las 16:30, constat\u00f3 el ataque<\/strong> que hab\u00edan cometido contra sus bienes.<\/p>\n<p>Los veh\u00edculos da\u00f1ados fueron los siguientes: una camioneta Ford (Eco Sport) de color champagne, un Wolksvagen Gol Country color champagne, un Chevrolet Corsa gris, un Fiat Duna Weekend gris oscuro, un Citroen C3 verde oscuro, un Chevrolet Astra gris, un Wolksvagen gol gris y un Fiat Uno rojo. Sin motivos conocidos del ataque, la Polic\u00eda trabaja en la investigaci\u00f3n de la identidad de los delincuentes, que le provocaron un grave da\u00f1o econ\u00f3mico al due\u00f1o de la concesionaria ubicada en la zona c\u00e9ntrica.<\/p>\n<p>\u2022<strong>L.A.<\/strong><\/p>\n","protected":false},"excerpt":{"rendered":"<p>Ocho veh\u00edculos fueron da\u00f1ados en una concesionaria ubicada en la Avenida Alvear Este. El propietario denunci\u00f3 el pasado viernes el ataque &#8230;<\/p>\n","protected":false},"author":7,"featured_media":46754,"comment_status":"open","ping_status":"open","sticky":false,"template":"","format":"standard","meta":{"footnotes":""},"categories":[5,4],"tags":[],"class_list":["post-83865","post","type-post","status-publish","format-standard","has-post-thumbnail","hentry","category-actualidad","category-policiales"],"_links":{"self":[{"href":"https:\/\/vinasfm.com\/noticias\/wp-json\/wp\/v2\/posts\/83865","targetHints":{"allow":["GET"]}}],"collection":[{"href":"https:\/\/vinasfm.com\/noticias\/wp-json\/wp\/v2\/posts"}],"about":[{"href":"https:\/\/vinasfm.com\/noticias\/wp-json\/wp\/v2\/types\/post"}],"author":[{"embeddable":true,"href":"https:\/\/vinasfm.com\/noticias\/wp-json\/wp\/v2\/users\/7"}],"replies":[{"embeddable":true,"href":"https:\/\/vinasfm.com\/noticias\/wp-json\/wp\/v2\/comments?post=83865"}],"version-history":[{"count":2,"href":"https:\/\/vinasfm.com\/noticias\/wp-json\/wp\/v2\/posts\/83865\/revisions"}],"predecessor-version":[{"id":83890,"href":"https:\/\/vinasfm.com\/noticias\/wp-json\/wp\/v2\/posts\/83865\/revisions\/83890"}],"wp:featuredmedia":[{"embeddable":true,"href":"https:\/\/vinasfm.com\/noticias\/wp-json\/wp\/v2\/media\/46754"}],"wp:attachment":[{"href":"https:\/\/vinasfm.com\/noticias\/wp-json\/wp\/v2\/media?parent=83865"}],"wp:term":[{"taxonomy":"category","embeddable":true,"href":"https:\/\/vinasfm.com\/noticias\/wp-json\/wp\/v2\/categories?post=83865"},{"taxonomy":"post_tag","embeddable":true,"href":"https:\/\/vinasfm.com\/noticias\/wp-json\/wp\/v2\/tags?post=83865"}],"curies":[{"name":"wp","href":"https:\/\/api.w.org\/{rel}","templated":true}]}}