{"id":83828,"date":"2021-01-15T10:46:32","date_gmt":"2021-01-15T13:46:32","guid":{"rendered":"http:\/\/vinasfm.com\/noticias\/?p=83828"},"modified":"2021-01-18T23:30:15","modified_gmt":"2021-01-19T02:30:15","slug":"cecsagal-trabaja-en-la-reparacion-de-lineas-electricas-afectadas-por-la-tormenta-en-real-del-padre-y-monte-coman","status":"publish","type":"post","link":"https:\/\/vinasfm.com\/noticias\/cecsagal-trabaja-en-la-reparacion-de-lineas-electricas-afectadas-por-la-tormenta-en-real-del-padre-y-monte-coman\/","title":{"rendered":"CECSAGAL TRABAJA EN LA REPARACI\u00d3N DE L\u00cdNEAS EL\u00c9CTRICAS AFECTADAS POR LA TORMENTA EN REAL DEL PADRE Y MONTE COM\u00c1N"},"content":{"rendered":"<h4>En Real del Padre hubo l\u00edneas de la cooperativa el\u00e9ctrica que se vieron damnificadas, debido a la tormenta que afect\u00f3 a varios distritos en San Rafael. Por esa raz\u00f3n, ya se hicieron presentes trabajadores de Cecsagal en el lugar para solucionar los graves da\u00f1os.<\/h4>\n<div>En las \u00faltimas horas una gran tormenta dej\u00f3 severos da\u00f1os en <strong>Real del Padre y Monte Com\u00e1n<\/strong> afectando postes de media y baja tensi\u00f3n, atentos a la situaci\u00f3n, <strong>desde las primeras horas de la ma\u00f1ana el personal de Cecsagal se traslad\u00f3 hacia el lugar para comenzar con las tareas de reparaci\u00f3n<\/strong> ya que anoche las condiciones meteorol\u00f3gicas hac\u00edan imposible cualquier tipo de intento de arreglos.<\/div>\n<p><img loading=\"lazy\" decoding=\"async\" class=\" wp-image-83832 alignright\" src=\"http:\/\/vinasfm.com\/noticias\/wp-content\/uploads\/2021\/01\/Real-del-Padre-Cecsagal-300x200.jpg\" alt=\"\" width=\"248\" height=\"165\" srcset=\"https:\/\/vinasfm.com\/noticias\/wp-content\/uploads\/2021\/01\/Real-del-Padre-Cecsagal-300x200.jpg 300w, https:\/\/vinasfm.com\/noticias\/wp-content\/uploads\/2021\/01\/Real-del-Padre-Cecsagal-768x513.jpg 768w, https:\/\/vinasfm.com\/noticias\/wp-content\/uploads\/2021\/01\/Real-del-Padre-Cecsagal.jpg 800w\" sizes=\"auto, (max-width: 248px) 100vw, 248px\" \/><\/p>\n<div>Las zonas m\u00e1s afectadas est\u00e1n ubicadas al norte de Real del Padre, sobre Ruta<\/div>\n<div>Provincial 171 donde hay postes de media y baja tensi\u00f3n da\u00f1ados. El ingeniero Mauricio Iboldi, Jefe de Operaciones El\u00e9ctricas, coment\u00f3 que: <strong><em>\u201cLa l\u00ednea que alimenta a Monte Com\u00e1n est\u00e1 muy complicada, hay quince postes de 12 mts quebrados, all\u00ed se trabajar\u00e1 con un contratista y con personal de Edeste, mientras que nuestros trabajadores estar\u00e1n reparando la l\u00ednea que abastece la zona de Ca\u00f1adas\u201d.<\/em><\/strong><\/div>\n","protected":false},"excerpt":{"rendered":"<p>En Real del Padre hubo l\u00edneas de la cooperativa el\u00e9ctrica que se vieron damnificadas, debido a la tormenta que afect\u00f3 a &#8230;<\/p>\n","protected":false},"author":7,"featured_media":83830,"comment_status":"open","ping_status":"open","sticky":false,"template":"","format":"standard","meta":{"footnotes":""},"categories":[5,60,11],"tags":[],"class_list":["post-83828","post","type-post","status-publish","format-standard","has-post-thumbnail","hentry","category-actualidad","category-cecsagal","category-sociales"],"_links":{"self":[{"href":"https:\/\/vinasfm.com\/noticias\/wp-json\/wp\/v2\/posts\/83828","targetHints":{"allow":["GET"]}}],"collection":[{"href":"https:\/\/vinasfm.com\/noticias\/wp-json\/wp\/v2\/posts"}],"about":[{"href":"https:\/\/vinasfm.com\/noticias\/wp-json\/wp\/v2\/types\/post"}],"author":[{"embeddable":true,"href":"https:\/\/vinasfm.com\/noticias\/wp-json\/wp\/v2\/users\/7"}],"replies":[{"embeddable":true,"href":"https:\/\/vinasfm.com\/noticias\/wp-json\/wp\/v2\/comments?post=83828"}],"version-history":[{"count":2,"href":"https:\/\/vinasfm.com\/noticias\/wp-json\/wp\/v2\/posts\/83828\/revisions"}],"predecessor-version":[{"id":83833,"href":"https:\/\/vinasfm.com\/noticias\/wp-json\/wp\/v2\/posts\/83828\/revisions\/83833"}],"wp:featuredmedia":[{"embeddable":true,"href":"https:\/\/vinasfm.com\/noticias\/wp-json\/wp\/v2\/media\/83830"}],"wp:attachment":[{"href":"https:\/\/vinasfm.com\/noticias\/wp-json\/wp\/v2\/media?parent=83828"}],"wp:term":[{"taxonomy":"category","embeddable":true,"href":"https:\/\/vinasfm.com\/noticias\/wp-json\/wp\/v2\/categories?post=83828"},{"taxonomy":"post_tag","embeddable":true,"href":"https:\/\/vinasfm.com\/noticias\/wp-json\/wp\/v2\/tags?post=83828"}],"curies":[{"name":"wp","href":"https:\/\/api.w.org\/{rel}","templated":true}]}}