{"id":83819,"date":"2021-01-15T09:44:16","date_gmt":"2021-01-15T12:44:16","guid":{"rendered":"http:\/\/vinasfm.com\/noticias\/?p=83819"},"modified":"2021-01-18T23:30:31","modified_gmt":"2021-01-19T02:30:31","slug":"costanera-suena-con-el-barrio-de-las-flores","status":"publish","type":"post","link":"https:\/\/vinasfm.com\/noticias\/costanera-suena-con-el-barrio-de-las-flores\/","title":{"rendered":"COSTANERA SUENA CON EL &#8216;BARRIO DE LAS FLORES&#8217;"},"content":{"rendered":"<p><strong>En una nueva edici\u00f3n de espect\u00e1culo musical al costado del R\u00edo Atuel, noche tocar\u00e1 El Barrio de las Flores en la Costanera. Con gastronom\u00eda, artistas y artesanos est\u00e1 todo listo para una nueva noche de diversi\u00f3n al aire libre.<\/strong><\/p>\n<p>La semana pasada fue tiempo de El Deskanso, que anim\u00f3 la noche alvearense a la orilla del R\u00edo Atuel. Este viernes 15 de enero, ser\u00e1 El Barrio de las Flores la banda encargada del show en una nueva edici\u00f3n de Costanera Suena, organizada por el municipio. Adem\u00e1s, en el lugar habr\u00e1 buena comida, artistas y artesanos para todos los gustos.<\/p>\n<p>Y para quienes no puedan llegar al lugar por sus propios medios, la municipalidad pondr\u00e1 colectivos gratis a las 20 hs desde el monumento hacia la costanera, que regresar\u00e1 a la zona c\u00e9ntrica a las 12 de la noche.<\/p>\n<p>\u2022<strong>L.A.<\/strong><\/p>\n","protected":false},"excerpt":{"rendered":"<p>En una nueva edici\u00f3n de espect\u00e1culo musical al costado del R\u00edo Atuel, noche tocar\u00e1 El Barrio de las Flores en la &#8230;<\/p>\n","protected":false},"author":7,"featured_media":83824,"comment_status":"open","ping_status":"open","sticky":false,"template":"","format":"standard","meta":{"footnotes":""},"categories":[5,19],"tags":[],"class_list":["post-83819","post","type-post","status-publish","format-standard","has-post-thumbnail","hentry","category-actualidad","category-cultura"],"_links":{"self":[{"href":"https:\/\/vinasfm.com\/noticias\/wp-json\/wp\/v2\/posts\/83819","targetHints":{"allow":["GET"]}}],"collection":[{"href":"https:\/\/vinasfm.com\/noticias\/wp-json\/wp\/v2\/posts"}],"about":[{"href":"https:\/\/vinasfm.com\/noticias\/wp-json\/wp\/v2\/types\/post"}],"author":[{"embeddable":true,"href":"https:\/\/vinasfm.com\/noticias\/wp-json\/wp\/v2\/users\/7"}],"replies":[{"embeddable":true,"href":"https:\/\/vinasfm.com\/noticias\/wp-json\/wp\/v2\/comments?post=83819"}],"version-history":[{"count":1,"href":"https:\/\/vinasfm.com\/noticias\/wp-json\/wp\/v2\/posts\/83819\/revisions"}],"predecessor-version":[{"id":83825,"href":"https:\/\/vinasfm.com\/noticias\/wp-json\/wp\/v2\/posts\/83819\/revisions\/83825"}],"wp:featuredmedia":[{"embeddable":true,"href":"https:\/\/vinasfm.com\/noticias\/wp-json\/wp\/v2\/media\/83824"}],"wp:attachment":[{"href":"https:\/\/vinasfm.com\/noticias\/wp-json\/wp\/v2\/media?parent=83819"}],"wp:term":[{"taxonomy":"category","embeddable":true,"href":"https:\/\/vinasfm.com\/noticias\/wp-json\/wp\/v2\/categories?post=83819"},{"taxonomy":"post_tag","embeddable":true,"href":"https:\/\/vinasfm.com\/noticias\/wp-json\/wp\/v2\/tags?post=83819"}],"curies":[{"name":"wp","href":"https:\/\/api.w.org\/{rel}","templated":true}]}}