{"id":83796,"date":"2021-01-14T11:05:55","date_gmt":"2021-01-14T14:05:55","guid":{"rendered":"http:\/\/vinasfm.com\/noticias\/?p=83796"},"modified":"2021-01-14T11:13:26","modified_gmt":"2021-01-14T14:13:26","slug":"desde-el-garrahan-visitaron-cecsagal-para-seguir-trabajando-en-conjunto-con-la-cooperativa","status":"publish","type":"post","link":"https:\/\/vinasfm.com\/noticias\/desde-el-garrahan-visitaron-cecsagal-para-seguir-trabajando-en-conjunto-con-la-cooperativa\/","title":{"rendered":"DESDE EL GARRAHAN VISITARON CECSAGAL PARA SEGUIR TRABAJANDO EN CONJUNTO CON LA COOPERATIVA"},"content":{"rendered":"<h4>Luisa Chavane, referente de la Fundaci\u00f3n Garrahan en Mendoza, vino al departamento para dejar una nueva caja recicladora de tapitas y continuar con el Programa de Reciclado y Medio Ambiente. Adem\u00e1s, ya est\u00e1n trabajando en un contenedor con forma de coraz\u00f3n met\u00e1lico para el acopio de tapitas.<\/h4>\n<p>El pasado martes visit\u00f3 el departamento <strong>Luisa Chavane<\/strong>, quien es una referente de la <strong>Fundaci\u00f3n Garrahan<\/strong> <strong>en la provincia de Mendoza<\/strong>. El objetivo de la visita fue <strong>la entrega a Cecsagal de una nueva caja recicladora de tapitas<\/strong>, para continuar con el <strong>Programa de Reciclado y Medio Ambiente.<\/strong><\/p>\n<p>Adem\u00e1s, en el encuentro de esta semana la Cooperativa avanz\u00f3, en conjunto con la fundaci\u00f3n que ayuda a los ni\u00f1os, en el <strong>proyecto de construcci\u00f3n de un contenedor con forma de coraz\u00f3n met\u00e1lico<\/strong>, que tendr\u00e1 la funci\u00f3n de acopio de tapitas.<\/p>\n<p>\u2022<strong>L.A.<\/strong><\/p>\n","protected":false},"excerpt":{"rendered":"<p>Luisa Chavane, referente de la Fundaci\u00f3n Garrahan en Mendoza, vino al departamento para dejar una nueva caja recicladora de tapitas y &#8230;<\/p>\n","protected":false},"author":7,"featured_media":83797,"comment_status":"open","ping_status":"open","sticky":false,"template":"","format":"standard","meta":{"footnotes":""},"categories":[5,60,11],"tags":[],"class_list":["post-83796","post","type-post","status-publish","format-standard","has-post-thumbnail","hentry","category-actualidad","category-cecsagal","category-sociales"],"_links":{"self":[{"href":"https:\/\/vinasfm.com\/noticias\/wp-json\/wp\/v2\/posts\/83796","targetHints":{"allow":["GET"]}}],"collection":[{"href":"https:\/\/vinasfm.com\/noticias\/wp-json\/wp\/v2\/posts"}],"about":[{"href":"https:\/\/vinasfm.com\/noticias\/wp-json\/wp\/v2\/types\/post"}],"author":[{"embeddable":true,"href":"https:\/\/vinasfm.com\/noticias\/wp-json\/wp\/v2\/users\/7"}],"replies":[{"embeddable":true,"href":"https:\/\/vinasfm.com\/noticias\/wp-json\/wp\/v2\/comments?post=83796"}],"version-history":[{"count":1,"href":"https:\/\/vinasfm.com\/noticias\/wp-json\/wp\/v2\/posts\/83796\/revisions"}],"predecessor-version":[{"id":83798,"href":"https:\/\/vinasfm.com\/noticias\/wp-json\/wp\/v2\/posts\/83796\/revisions\/83798"}],"wp:featuredmedia":[{"embeddable":true,"href":"https:\/\/vinasfm.com\/noticias\/wp-json\/wp\/v2\/media\/83797"}],"wp:attachment":[{"href":"https:\/\/vinasfm.com\/noticias\/wp-json\/wp\/v2\/media?parent=83796"}],"wp:term":[{"taxonomy":"category","embeddable":true,"href":"https:\/\/vinasfm.com\/noticias\/wp-json\/wp\/v2\/categories?post=83796"},{"taxonomy":"post_tag","embeddable":true,"href":"https:\/\/vinasfm.com\/noticias\/wp-json\/wp\/v2\/tags?post=83796"}],"curies":[{"name":"wp","href":"https:\/\/api.w.org\/{rel}","templated":true}]}}