{"id":83779,"date":"2021-01-13T12:45:47","date_gmt":"2021-01-13T15:45:47","guid":{"rendered":"http:\/\/vinasfm.com\/noticias\/?p=83779"},"modified":"2021-01-15T07:46:29","modified_gmt":"2021-01-15T10:46:29","slug":"suarez-sobre-el-coronavirus-no-tenemos-picos-de-casos-por-el-comportamiento-de-los-mendocinos","status":"publish","type":"post","link":"https:\/\/vinasfm.com\/noticias\/suarez-sobre-el-coronavirus-no-tenemos-picos-de-casos-por-el-comportamiento-de-los-mendocinos\/","title":{"rendered":"SU\u00c1REZ, SOBRE EL CORONAVIRUS: &#8216;NO TENEMOS PICOS DE CASOS POR EL COMPORTAMIENTO DE LOS MENDOCINOS&#8217;"},"content":{"rendered":"<h4>En su visita a Alvear, el gobernador se refiri\u00f3 a la problem\u00e1tica por la pandemia del Covid-19 y felicit\u00f3 a los mendocinos por el respeto a las medidas para prevenir contagios. Adem\u00e1s afirm\u00f3 que la salud sigue siendo una prioridad pero que se oponen a m\u00e1s restricciones a la poblaci\u00f3n por parte del gobierno nacional mientras no haya picos de casos en Mendoza.<\/h4>\n<p>En el marco de la <strong>inauguraci\u00f3n de la bioplanta del ISCAMEN, Rodolfo Su\u00e1rez<\/strong> tambi\u00e9n habl\u00f3 de la<strong> situaci\u00f3n actual con respecto al coronavirus y reconoci\u00f3 el esfuerzo de la gente<\/strong> en la provincia. <strong><em>\u00abMe atrevo a decir que si no tenemos picos de casos es pura y exclusivamente\u00a0por el comportamiento de los mendocinos y las mendocinas que tienen una conciencia distinta al resto del pa\u00eds\u00bb,<\/em><\/strong> asegur\u00f3 el gobernador, aunque afirm\u00f3 que desde el espacio de gobierno no se relajan: <em><strong>\u00abLa salud sigue siendo prioritaria\u00bb.<\/strong><\/em><\/p>\n<p>En ese sentido, inst\u00f3 a la poblaci\u00f3n a continuar con el esfuerzo para que no empeore la situaci\u00f3n. <em><strong>\u00abSeguimos con la misma pol\u00edtica, hay que apostar a la ciudadan\u00eda, a la conciencia social, a los cuidados y el tapaboca. Hay que seguir con esas reglas tan simples que nos permiten evitar la enfermedad y mantener abierta la econom\u00eda\u00bb<\/strong><\/em>, expres\u00f3 Su\u00e1rez, y destac\u00f3: <em><strong>\u00abTambi\u00e9n es importante esa libertad que hemos tenido los mendocinos de salir a caminar, a practicar deportes, de poder salir a la calle\u00bb.<\/strong><\/em><\/p>\n<p>En cuanto al manejo de la pandemia por parte del gobierno nacional, reiter\u00f3 su posici\u00f3n en contra de nuevas restricciones<em><strong>\u00a0\u00abHemos tenido varios debates, y el \u00faltimo fue el toque de queda, al que nos opusimos y al que otras provincias se opusieron despu\u00e9s, como C\u00f3rdoba, CABA y la misma provincia de Buenos Aires. No se pueden tomar medidas nacionales, porque la situaci\u00f3n, la geograf\u00eda, el clima y el comportamiento son distintos\u00bb<\/strong><\/em>, sentenci\u00f3 el gobernador.<\/p>\n<p>\u2022<strong>L.A.<\/strong><\/p>\n","protected":false},"excerpt":{"rendered":"<p>En su visita a Alvear, el gobernador se refiri\u00f3 a la problem\u00e1tica por la pandemia del Covid-19 y felicit\u00f3 a los &#8230;<\/p>\n","protected":false},"author":7,"featured_media":83771,"comment_status":"open","ping_status":"open","sticky":false,"template":"","format":"standard","meta":{"footnotes":""},"categories":[5,62,77,7],"tags":[114,164,95],"class_list":["post-83779","post","type-post","status-publish","format-standard","has-post-thumbnail","hentry","category-actualidad","category-coronavirus","category-gobierno","category-politica","tag-coronavirus","tag-gobernador","tag-mendoza"],"_links":{"self":[{"href":"https:\/\/vinasfm.com\/noticias\/wp-json\/wp\/v2\/posts\/83779","targetHints":{"allow":["GET"]}}],"collection":[{"href":"https:\/\/vinasfm.com\/noticias\/wp-json\/wp\/v2\/posts"}],"about":[{"href":"https:\/\/vinasfm.com\/noticias\/wp-json\/wp\/v2\/types\/post"}],"author":[{"embeddable":true,"href":"https:\/\/vinasfm.com\/noticias\/wp-json\/wp\/v2\/users\/7"}],"replies":[{"embeddable":true,"href":"https:\/\/vinasfm.com\/noticias\/wp-json\/wp\/v2\/comments?post=83779"}],"version-history":[{"count":2,"href":"https:\/\/vinasfm.com\/noticias\/wp-json\/wp\/v2\/posts\/83779\/revisions"}],"predecessor-version":[{"id":83786,"href":"https:\/\/vinasfm.com\/noticias\/wp-json\/wp\/v2\/posts\/83779\/revisions\/83786"}],"wp:featuredmedia":[{"embeddable":true,"href":"https:\/\/vinasfm.com\/noticias\/wp-json\/wp\/v2\/media\/83771"}],"wp:attachment":[{"href":"https:\/\/vinasfm.com\/noticias\/wp-json\/wp\/v2\/media?parent=83779"}],"wp:term":[{"taxonomy":"category","embeddable":true,"href":"https:\/\/vinasfm.com\/noticias\/wp-json\/wp\/v2\/categories?post=83779"},{"taxonomy":"post_tag","embeddable":true,"href":"https:\/\/vinasfm.com\/noticias\/wp-json\/wp\/v2\/tags?post=83779"}],"curies":[{"name":"wp","href":"https:\/\/api.w.org\/{rel}","templated":true}]}}