{"id":83753,"date":"2021-01-13T12:33:44","date_gmt":"2021-01-13T15:33:44","guid":{"rendered":"http:\/\/vinasfm.com\/noticias\/?p=83753"},"modified":"2021-01-15T10:32:06","modified_gmt":"2021-01-15T13:32:06","slug":"con-la-presencia-del-gobernador-quedo-inaugurada-la-bioplanta-del-iscamen-en-general-alvear","status":"publish","type":"post","link":"https:\/\/vinasfm.com\/noticias\/con-la-presencia-del-gobernador-quedo-inaugurada-la-bioplanta-del-iscamen-en-general-alvear\/","title":{"rendered":"CON LA PRESENCIA DEL GOBERNADOR, QUED\u00d3 INAUGURADA LA BIOPLANTA DEL ISCAMEN EN GENERAL ALVEAR"},"content":{"rendered":"<h4>Con la presencia de Rodolfo Su\u00e1rez, Walther Marcolini y Alejandro Molero, se llev\u00f3 a cabo la apertura oficial de las instalaciones del Centro de Distribuci\u00f3n y Empaque de Adulto Fr\u00edo en la Diagonal Carlos Pellegrini. Despu\u00e9s de inaugurar la industria y recorrer las instalaciones, los funcionarios explicaron las ventajas de esta obra que se puso en funcionamiento en Alvear.<\/h4>\n<p>Hoy por la ma\u00f1ana fue inaugurada una bioplanta en General Alvear con <strong>la presencia del gobernador Rodolfo Su\u00e1rez, el intendente Walther Marcolini y el presidente del ISCAMEN con Alejandro Molero<\/strong>. Tras el acto simb\u00f3lico, los tres funcionarios recorrieron las instalaciones con una gu\u00eda de empleados del lugar para comprender c\u00f3mo va a funcionar el <strong>lugar de trabajo ubicado en la Diagonal Carlos Pellegrini<\/strong>, dedicado principalmente al env\u00edo de la <strong>Mosca del Mediterr\u00e1neo.<\/strong><\/p>\n<p>Despu\u00e9s del acto protocolar, <strong>Marcolini y Su\u00e1rez brindaron un discurso destacando los aspectos positivos de esta industria en General Alvear.<\/strong> Mientras que <strong>Molero explic\u00f3 detalladamente la funci\u00f3n del Centro de Distribuci\u00f3n y Empaque de Adulto Fr\u00edo<\/strong>, y el plan estrat\u00e9gico dentro del cual est\u00e1 inmerso, aseguran que <strong>la eficiencia en el control de plagas aumentar\u00e1 de 50% a 95% y que con un 30% de venta de la producci\u00f3n, la empresa ser\u00e1 autosustentable.<\/strong><\/p>\n<p>Luego del acto en la bioplanta y de explicar el impacto de este avance industrial en el departamento, el gobernador, el intendente y el presidente del ISCAMEN,\u00a0junto con el resto de los funcionarios del departamento y de la provincia que se hicieron presentes en el lugar, <strong>se trasladaron al Aero Club. All\u00ed observaron el embalaje del producto y el despegue de los aviones implicados en los vuelos a las distintas zonas donde se van a exportar los productos del CEDAF.<\/strong><\/p>\n<p>\u2022<strong>L.A.<\/strong><\/p>\n","protected":false},"excerpt":{"rendered":"<p>Con la presencia de Rodolfo Su\u00e1rez, Walther Marcolini y Alejandro Molero, se llev\u00f3 a cabo la apertura oficial de las instalaciones &#8230;<\/p>\n","protected":false},"author":7,"featured_media":83761,"comment_status":"open","ping_status":"open","sticky":false,"template":"","format":"standard","meta":{"footnotes":""},"categories":[5,35,7],"tags":[],"class_list":["post-83753","post","type-post","status-publish","format-standard","has-post-thumbnail","hentry","category-actualidad","category-iscamen","category-politica"],"_links":{"self":[{"href":"https:\/\/vinasfm.com\/noticias\/wp-json\/wp\/v2\/posts\/83753","targetHints":{"allow":["GET"]}}],"collection":[{"href":"https:\/\/vinasfm.com\/noticias\/wp-json\/wp\/v2\/posts"}],"about":[{"href":"https:\/\/vinasfm.com\/noticias\/wp-json\/wp\/v2\/types\/post"}],"author":[{"embeddable":true,"href":"https:\/\/vinasfm.com\/noticias\/wp-json\/wp\/v2\/users\/7"}],"replies":[{"embeddable":true,"href":"https:\/\/vinasfm.com\/noticias\/wp-json\/wp\/v2\/comments?post=83753"}],"version-history":[{"count":2,"href":"https:\/\/vinasfm.com\/noticias\/wp-json\/wp\/v2\/posts\/83753\/revisions"}],"predecessor-version":[{"id":83762,"href":"https:\/\/vinasfm.com\/noticias\/wp-json\/wp\/v2\/posts\/83753\/revisions\/83762"}],"wp:featuredmedia":[{"embeddable":true,"href":"https:\/\/vinasfm.com\/noticias\/wp-json\/wp\/v2\/media\/83761"}],"wp:attachment":[{"href":"https:\/\/vinasfm.com\/noticias\/wp-json\/wp\/v2\/media?parent=83753"}],"wp:term":[{"taxonomy":"category","embeddable":true,"href":"https:\/\/vinasfm.com\/noticias\/wp-json\/wp\/v2\/categories?post=83753"},{"taxonomy":"post_tag","embeddable":true,"href":"https:\/\/vinasfm.com\/noticias\/wp-json\/wp\/v2\/tags?post=83753"}],"curies":[{"name":"wp","href":"https:\/\/api.w.org\/{rel}","templated":true}]}}