{"id":83713,"date":"2021-01-12T08:00:20","date_gmt":"2021-01-12T11:00:20","guid":{"rendered":"http:\/\/vinasfm.com\/noticias\/?p=83713"},"modified":"2021-01-14T10:35:34","modified_gmt":"2021-01-14T13:35:34","slug":"sergio-moyano-es-el-nuevo-tecnico-de-andes","status":"publish","type":"post","link":"https:\/\/vinasfm.com\/noticias\/sergio-moyano-es-el-nuevo-tecnico-de-andes\/","title":{"rendered":"SERGIO MOYANO ES EL NUEVO T\u00c9CNICO DE ANDES"},"content":{"rendered":"<h4>Pocos d\u00edas despu\u00e9s de la asunci\u00f3n de Alejandro Molero como presidente, el Croto ya confirm\u00f3 nuevo entrenador para la Primera Divisi\u00f3n y la Quinta. Se trata de Sergio el \u00abTat\u00f3n\u00bb Moyano, quien llega despu\u00e9s de ser campe\u00f3n con las Inferiores de Ferro.<\/h4>\n<p>La Comisi\u00f3n Directiva presidida por Jany Molero ya comenz\u00f3 a meter mano en las disciplinas en esta nueva gesti\u00f3n que comienza. Y el primer paso fue la elecci\u00f3n del nuevo entrenador de f\u00fatbol para el plantel de Primera y el de Quinta. Se trata de Sergio Moyano, quien ya tiene experiencia en el club trabajando en divisiones menores, donde sac\u00f3 campe\u00f3n al plantel de 5\u00b0, y en el plantel mayor, entre 2013 y 2015.<\/p>\n<p>En cuanto al pasado m\u00e1s reciente, Sergio Moyano fue campe\u00f3n con Ferro en 2019, dirigiendo la categor\u00eda Sub 20 y tambi\u00e9n obtuvo buenos resultados al mando de las infantiles de Oeste. Con gran expectativa ante este desaf\u00edo, el Tat\u00f3n Moyano comenzar\u00e1 a trabajar en los pr\u00f3ximos d\u00edas en el club, junto con Agust\u00edn Lima (preparador f\u00edsico), pensando en la vuelta de la Liga Alvearense, el pr\u00f3ximo 20 de febrero.<\/p>\n<p>\u2022<strong>L.A.<\/strong><\/p>\n","protected":false},"excerpt":{"rendered":"<p>Pocos d\u00edas despu\u00e9s de la asunci\u00f3n de Alejandro Molero como presidente, el Croto ya confirm\u00f3 nuevo entrenador para la Primera Divisi\u00f3n &#8230;<\/p>\n","protected":false},"author":7,"featured_media":83715,"comment_status":"open","ping_status":"open","sticky":false,"template":"","format":"standard","meta":{"footnotes":""},"categories":[5,3],"tags":[],"class_list":["post-83713","post","type-post","status-publish","format-standard","has-post-thumbnail","hentry","category-actualidad","category-deportes"],"_links":{"self":[{"href":"https:\/\/vinasfm.com\/noticias\/wp-json\/wp\/v2\/posts\/83713","targetHints":{"allow":["GET"]}}],"collection":[{"href":"https:\/\/vinasfm.com\/noticias\/wp-json\/wp\/v2\/posts"}],"about":[{"href":"https:\/\/vinasfm.com\/noticias\/wp-json\/wp\/v2\/types\/post"}],"author":[{"embeddable":true,"href":"https:\/\/vinasfm.com\/noticias\/wp-json\/wp\/v2\/users\/7"}],"replies":[{"embeddable":true,"href":"https:\/\/vinasfm.com\/noticias\/wp-json\/wp\/v2\/comments?post=83713"}],"version-history":[{"count":1,"href":"https:\/\/vinasfm.com\/noticias\/wp-json\/wp\/v2\/posts\/83713\/revisions"}],"predecessor-version":[{"id":83716,"href":"https:\/\/vinasfm.com\/noticias\/wp-json\/wp\/v2\/posts\/83713\/revisions\/83716"}],"wp:featuredmedia":[{"embeddable":true,"href":"https:\/\/vinasfm.com\/noticias\/wp-json\/wp\/v2\/media\/83715"}],"wp:attachment":[{"href":"https:\/\/vinasfm.com\/noticias\/wp-json\/wp\/v2\/media?parent=83713"}],"wp:term":[{"taxonomy":"category","embeddable":true,"href":"https:\/\/vinasfm.com\/noticias\/wp-json\/wp\/v2\/categories?post=83713"},{"taxonomy":"post_tag","embeddable":true,"href":"https:\/\/vinasfm.com\/noticias\/wp-json\/wp\/v2\/tags?post=83713"}],"curies":[{"name":"wp","href":"https:\/\/api.w.org\/{rel}","templated":true}]}}