{"id":83701,"date":"2021-01-12T08:21:45","date_gmt":"2021-01-12T11:21:45","guid":{"rendered":"http:\/\/vinasfm.com\/noticias\/?p=83701"},"modified":"2021-01-13T08:16:10","modified_gmt":"2021-01-13T11:16:10","slug":"desde-oficina-de-empleo-brindaron-detalles-sobre-los-programas-de-trabajo-de-la-provincia","status":"publish","type":"post","link":"https:\/\/vinasfm.com\/noticias\/desde-oficina-de-empleo-brindaron-detalles-sobre-los-programas-de-trabajo-de-la-provincia\/","title":{"rendered":"DESDE OFICINA DE EMPLEO BRINDARON DETALLES SOBRE LOS PROGRAMAS DE TRABAJO DE LA PROVINCIA"},"content":{"rendered":"<h4>Ezequiel Kapluk, Director de la Oficina de Empleo, habl\u00f3 del aumento de 40% en el programa \u00abEnlace\u00bb gracias al que los nuevos participantes del programa cobrar\u00e1n $10000 por el entrenamiento. Adem\u00e1s, record\u00f3 detalles de los beneficios de los que gozan los entrenados, requisitos de las empresas y forma de inscripci\u00f3n.<\/h4>\n<p>En di\u00e1logo con<strong> FM VI\u00d1AS, Ezequiel Kapluk<\/strong> habl\u00f3 de la novedad en el programa Enlace, que comenzar\u00e1 a regir a partir de febrero. <strong><em>\u00abHay un incremento del monto por parte del Ministerio de Econom\u00eda, que ronda entre el 30 y 40%. Una persona que participaba del programa cobraba $7000 y ahora pasa a cobrar $10.000\u00bb<\/em><\/strong>, explic\u00f3 el funcionario, y aclar\u00f3 que el aumento es absorbido por el gobierno provincial, ya que las empresas que participan, siguen aportando $1000.<\/p>\n<p>A su vez, el <strong>Director de la Oficina de Empleo<\/strong>, explic\u00f3: <em><strong>\u00abEl aumento es para los nuevos que accedan al programa, que inicien los entrenamientos a partir del 1 de febrero. Los que empezaron antes siguen con el mismo incentivo\u00bb<\/strong><\/em>. Y con respecto a esta segundo grupo, tambi\u00e9n comunic\u00f3 otra posibilidad para seguir participando del programa: <em><strong>\u00abLos que ya est\u00e1n participando pueden buscarse nuevo entrenamiento, en caso de que no queden efectivos\u00bb.<\/strong><\/em><\/p>\n<p>Por otro lado, Kapluk record\u00f3 las opciones para ingresar en el sistema: <em><strong>\u00abPueden inscribirse en Intendente Morales 550, de lunes a viernes, y de 7 a 13 hs, o en la p\u00e1gina del gobierno (www.mendoza.gob.ar), y ah\u00ed se registran donde dice persona\u00bb<\/strong><\/em>. En cuanto a los empleadores, explic\u00f3: <strong><em>\u00abEstamos recibiendo documentaci\u00f3n todos los meses del 1 a 15. Ah\u00ed se manda a Mendoza para su evaluaci\u00f3n y aprobaci\u00f3n. Les pedimos que traigan la habilitaci\u00f3n comercial actualizada\u00bb.<\/em><\/strong><\/p>\n<h4>PROGRAMA JOVEN<\/h4>\n<p>Con el objetivo de insertar en el mercado laboral a quienes actualmente no tienen trabajo, este es otro proyecto gubernamental sobre el que Kapluk brind\u00f3 detalles. <strong><em>\u00abDepende del Ministerio de Trabajo y hab\u00eda tenido problemas de financiamiento el a\u00f1o pasado. Pero a partir de noviembre empez\u00f3 a funcionar normalmente. Las fechas de recpeci\u00f3n son los 3 y 4 de cada mes. Dura entre 4 y 6 meses, dependiendo del puesto de entrenamiento y cobran alrededor de $8700: $7500 del Ministerio y $1200 de la empresa\u00bb.<\/em><\/strong><\/p>\n<p>\u2022<strong>L.A.<\/strong><\/p>\n","protected":false},"excerpt":{"rendered":"<p>Ezequiel Kapluk, Director de la Oficina de Empleo, habl\u00f3 del aumento de 40% en el programa \u00abEnlace\u00bb gracias al que los &#8230;<\/p>\n","protected":false},"author":7,"featured_media":73056,"comment_status":"open","ping_status":"open","sticky":false,"template":"","format":"standard","meta":{"footnotes":""},"categories":[5,59,78,11],"tags":[],"class_list":["post-83701","post","type-post","status-publish","format-standard","has-post-thumbnail","hentry","category-actualidad","category-derechos-laborales","category-municipalidad","category-sociales"],"_links":{"self":[{"href":"https:\/\/vinasfm.com\/noticias\/wp-json\/wp\/v2\/posts\/83701","targetHints":{"allow":["GET"]}}],"collection":[{"href":"https:\/\/vinasfm.com\/noticias\/wp-json\/wp\/v2\/posts"}],"about":[{"href":"https:\/\/vinasfm.com\/noticias\/wp-json\/wp\/v2\/types\/post"}],"author":[{"embeddable":true,"href":"https:\/\/vinasfm.com\/noticias\/wp-json\/wp\/v2\/users\/7"}],"replies":[{"embeddable":true,"href":"https:\/\/vinasfm.com\/noticias\/wp-json\/wp\/v2\/comments?post=83701"}],"version-history":[{"count":3,"href":"https:\/\/vinasfm.com\/noticias\/wp-json\/wp\/v2\/posts\/83701\/revisions"}],"predecessor-version":[{"id":83704,"href":"https:\/\/vinasfm.com\/noticias\/wp-json\/wp\/v2\/posts\/83701\/revisions\/83704"}],"wp:featuredmedia":[{"embeddable":true,"href":"https:\/\/vinasfm.com\/noticias\/wp-json\/wp\/v2\/media\/73056"}],"wp:attachment":[{"href":"https:\/\/vinasfm.com\/noticias\/wp-json\/wp\/v2\/media?parent=83701"}],"wp:term":[{"taxonomy":"category","embeddable":true,"href":"https:\/\/vinasfm.com\/noticias\/wp-json\/wp\/v2\/categories?post=83701"},{"taxonomy":"post_tag","embeddable":true,"href":"https:\/\/vinasfm.com\/noticias\/wp-json\/wp\/v2\/tags?post=83701"}],"curies":[{"name":"wp","href":"https:\/\/api.w.org\/{rel}","templated":true}]}}