{"id":83691,"date":"2021-01-11T20:01:15","date_gmt":"2021-01-11T23:01:15","guid":{"rendered":"http:\/\/vinasfm.com\/noticias\/?p=83691"},"modified":"2021-01-13T07:48:32","modified_gmt":"2021-01-13T10:48:32","slug":"un-grupo-de-hinchas-de-bowen-fueron-detenidos-por-generar-disturbios-en-la-via-publica-y-danos-a-propiedad-privada","status":"publish","type":"post","link":"https:\/\/vinasfm.com\/noticias\/un-grupo-de-hinchas-de-bowen-fueron-detenidos-por-generar-disturbios-en-la-via-publica-y-danos-a-propiedad-privada\/","title":{"rendered":"UN GRUPO DE HINCHAS DE BOWEN FUERON DETENIDOS POR GENERAR DISTURBIOS EN LA V\u00cdA P\u00daBLICA Y DA\u00d1OS A PROPIEDAD PRIVADA"},"content":{"rendered":"<h4>El domingo por la noche ocho personas caracterizadas como hinchas de Bowen, fueron detenidas por generar peleas en la v\u00eda p\u00fablica, da\u00f1os a propiedad privada y a veh\u00edculos en los alrededores de la cancha del Deportivo. Siete de los responsables de disturbios dieron positivo al test de alcoholemia y a\u00fan est\u00e1n privados de su libertad.<\/h4>\n<p>El domingo por la tarde un grupo de <strong>ocho personas identificados como hinchas<\/strong> del Naranja, <strong>se subieron al techo de un domicilio aleda\u00f1o al estadio de Bowen para ver el partido frente a Quiroga de San Rafael.<\/strong> Sin el consentimiento del due\u00f1o de la propiedad, se ubicaron en el lugar y colocaron algunas banderas para seguir lo que suced\u00eda dentro de la cancha.<\/p>\n<p>Despu\u00e9s del partido, la situaci\u00f3n empeor\u00f3 y alrededor de las <strong>23 horas, la Polic\u00eda de Bowen tom\u00f3 conocimiento de la situaci\u00f3n por el llamado de una vecina<\/strong>.\u00a0Estos hinchas provocaron <strong>peleas en la v\u00eda p\u00fablica (entre ellos mismos), da\u00f1aron algunas casas ubicadas en los alrededores de la cancha y rompieron 5 veh\u00edculos<\/strong>. Por esa raz\u00f3n, los ocho involucrados en los eventos fueron detenidos y contin\u00faan privados de su libertad.<\/p>\n<p>Adem\u00e1s de los hechos delictivos, <strong>desde la Comisar\u00eda 46 tambi\u00e9n le confirmaron a FM VI\u00d1AS que el test de alcoholemia dio positivo en 7 de los individuos detenidos<\/strong>. Con estos cargos, todos los implicados en los delitos contin\u00faan prestando declaraciones y a la espera de las imputaciones correspondientes.<\/p>\n<p>\u2022<strong>L.A.<\/strong><\/p>\n","protected":false},"excerpt":{"rendered":"<p>El domingo por la noche ocho personas caracterizadas como hinchas de Bowen, fueron detenidas por generar peleas en la v\u00eda p\u00fablica, &#8230;<\/p>\n","protected":false},"author":7,"featured_media":56107,"comment_status":"open","ping_status":"open","sticky":false,"template":"","format":"standard","meta":{"footnotes":""},"categories":[5,4],"tags":[],"class_list":["post-83691","post","type-post","status-publish","format-standard","has-post-thumbnail","hentry","category-actualidad","category-policiales"],"_links":{"self":[{"href":"https:\/\/vinasfm.com\/noticias\/wp-json\/wp\/v2\/posts\/83691","targetHints":{"allow":["GET"]}}],"collection":[{"href":"https:\/\/vinasfm.com\/noticias\/wp-json\/wp\/v2\/posts"}],"about":[{"href":"https:\/\/vinasfm.com\/noticias\/wp-json\/wp\/v2\/types\/post"}],"author":[{"embeddable":true,"href":"https:\/\/vinasfm.com\/noticias\/wp-json\/wp\/v2\/users\/7"}],"replies":[{"embeddable":true,"href":"https:\/\/vinasfm.com\/noticias\/wp-json\/wp\/v2\/comments?post=83691"}],"version-history":[{"count":2,"href":"https:\/\/vinasfm.com\/noticias\/wp-json\/wp\/v2\/posts\/83691\/revisions"}],"predecessor-version":[{"id":83700,"href":"https:\/\/vinasfm.com\/noticias\/wp-json\/wp\/v2\/posts\/83691\/revisions\/83700"}],"wp:featuredmedia":[{"embeddable":true,"href":"https:\/\/vinasfm.com\/noticias\/wp-json\/wp\/v2\/media\/56107"}],"wp:attachment":[{"href":"https:\/\/vinasfm.com\/noticias\/wp-json\/wp\/v2\/media?parent=83691"}],"wp:term":[{"taxonomy":"category","embeddable":true,"href":"https:\/\/vinasfm.com\/noticias\/wp-json\/wp\/v2\/categories?post=83691"},{"taxonomy":"post_tag","embeddable":true,"href":"https:\/\/vinasfm.com\/noticias\/wp-json\/wp\/v2\/tags?post=83691"}],"curies":[{"name":"wp","href":"https:\/\/api.w.org\/{rel}","templated":true}]}}