{"id":83688,"date":"2021-01-10T12:21:24","date_gmt":"2021-01-10T15:21:24","guid":{"rendered":"http:\/\/vinasfm.com\/noticias\/?p=83688"},"modified":"2021-01-12T17:48:46","modified_gmt":"2021-01-12T20:48:46","slug":"desde-cultura-destacan-el-compromiso-de-los-involucrados-en-la-peatonal-del-vino-es-lindo-trabajar-con-gente-que-se-pone-de-acuerdo","status":"publish","type":"post","link":"https:\/\/vinasfm.com\/noticias\/desde-cultura-destacan-el-compromiso-de-los-involucrados-en-la-peatonal-del-vino-es-lindo-trabajar-con-gente-que-se-pone-de-acuerdo\/","title":{"rendered":"DESDE CULTURA DESTACAN EL COMPROMISO DE LOS INVOLUCRADOS EN LA PEATONAL DEL VINO: &#8216;ES LINDO TRABAJAR CON GENTE QUE SE PONE DE ACUERDO&#8217;"},"content":{"rendered":"<h4><span style=\"color: #000000;\">Liliana Piedrafita hizo un balance positivo de una nueva edici\u00f3n de la Peatonal del Vino y resalt\u00f3 el aporte de cada uno de los locales involucrados en la organizaci\u00f3n del evento. Adem\u00e1s se refiri\u00f3 al aspecto econ\u00f3mico para reactivar la econom\u00eda departamental y agradeci\u00f3 el respeto de la gente con el distanciamiento social.<\/span><\/h4>\n<p><span style=\"color: #000000;\">En di\u00e1logo con <strong>FM VI\u00d1AS, la Directora de Cultura<\/strong> se refiri\u00f3 a la organizaci\u00f3n con los bares, restaurants y dem\u00e1s actores involucrados en la <strong>Peatonal del Vino<\/strong>. <em><strong>\u00abEs muy lindo trabajar con gente con la que uno se puede poner de acuerdo. Por eso la organizaci\u00f3n es buena, porque es la suma de la buena voluntad de todos\u00bb<\/strong><\/em>, manifest\u00f3 la funcionaria, y agreg\u00f3: <em><strong>\u00abEsto se nota cuando armamos toda la maquinaria, los escenarios y cada uno pone su parte, con muy buena onda y sale precioso\u00bb.<\/strong><\/em><\/span><\/p>\n<p><span style=\"color: #000000;\">En cuanto al impacto econ\u00f3mico del evento, <strong>Liliana Piedrafita<\/strong> opin\u00f3: <strong><em>\u00abSirve para poner la actividad en marcha y manejar el equilibro entre econom\u00eda y pandemia, que es muy delgado. Como gobernantes, todo el mundo ha tenido un desaf\u00edo y creo que ac\u00e1 se puede trabajar muy bien con gente tan educada y respetuosa\u00bb<\/em><\/strong>. Adem\u00e1s, para ejemplificar con la situaci\u00f3n de Cultura, cont\u00f3: <strong>\u00abAhora los artistas pueden mostrar lo que hacen y recordemos que en 2020 no pudimos contratar a ninguno\u00bb.\u00a0<\/strong><\/span><\/p>\n<p><span style=\"color: #000000;\">Con respecto al comportamiento de la gente, Piedrafita expres\u00f3: <em><strong>\u00abEs un pueblo muy educado, que comprende la situaci\u00f3n y la mayor\u00eda usa tapabocas. El distanciamiento es dif\u00edcil pero hicimos flechas en las calles y la gente lo respeta\u00bb<\/strong><\/em>. Y al igual que el comportamiento de los alvearenses, destac\u00f3 el ingreso de turistas que tambi\u00e9n se suman a la peatonal: <em><strong>\u00abSe notaba en las semanas anteriores que empezaba a llegar gente, la Directora de Turismo me lo dec\u00eda. Y eso le hace bien a todos, porque conocen nuestro lugar, los conocemos a ellos y consumen ac\u00e1\u00bb.<\/strong><\/em><\/span><\/p>\n<h4><span style=\"color: #000000;\">TEATRO<\/span><\/h4>\n<p><span style=\"color: #000000;\">Por otro lado, la Directora de Cultura anunci\u00f3 la vuelta del teatro con dos artistas de lujo: <strong><em>\u00abHay un productor que ten\u00eda a Hugo Varela y Cacho Garay, hablaron con el Ministerio de Cultura provincia, le propusieron contactar a municipios de la provincia y le dijimos que s\u00ed\u00bb<\/em><\/strong>. <strong>Ser\u00e1n dos funciones (4 y 5 de febrero), con 200 lugares disponibles, dura una hora y media, y las entradas ya est\u00e1n a la venta.<\/strong><\/span><\/p>\n<p><span style=\"color: #000000;\">\u2022<strong>L.A.<\/strong><\/span><\/p>\n","protected":false},"excerpt":{"rendered":"<p>Liliana Piedrafita hizo un balance positivo de una nueva edici\u00f3n de la Peatonal del Vino y resalt\u00f3 el aporte de cada &#8230;<\/p>\n","protected":false},"author":7,"featured_media":37644,"comment_status":"open","ping_status":"open","sticky":false,"template":"","format":"standard","meta":{"footnotes":""},"categories":[5,19],"tags":[],"class_list":["post-83688","post","type-post","status-publish","format-standard","has-post-thumbnail","hentry","category-actualidad","category-cultura"],"_links":{"self":[{"href":"https:\/\/vinasfm.com\/noticias\/wp-json\/wp\/v2\/posts\/83688","targetHints":{"allow":["GET"]}}],"collection":[{"href":"https:\/\/vinasfm.com\/noticias\/wp-json\/wp\/v2\/posts"}],"about":[{"href":"https:\/\/vinasfm.com\/noticias\/wp-json\/wp\/v2\/types\/post"}],"author":[{"embeddable":true,"href":"https:\/\/vinasfm.com\/noticias\/wp-json\/wp\/v2\/users\/7"}],"replies":[{"embeddable":true,"href":"https:\/\/vinasfm.com\/noticias\/wp-json\/wp\/v2\/comments?post=83688"}],"version-history":[{"count":1,"href":"https:\/\/vinasfm.com\/noticias\/wp-json\/wp\/v2\/posts\/83688\/revisions"}],"predecessor-version":[{"id":83689,"href":"https:\/\/vinasfm.com\/noticias\/wp-json\/wp\/v2\/posts\/83688\/revisions\/83689"}],"wp:featuredmedia":[{"embeddable":true,"href":"https:\/\/vinasfm.com\/noticias\/wp-json\/wp\/v2\/media\/37644"}],"wp:attachment":[{"href":"https:\/\/vinasfm.com\/noticias\/wp-json\/wp\/v2\/media?parent=83688"}],"wp:term":[{"taxonomy":"category","embeddable":true,"href":"https:\/\/vinasfm.com\/noticias\/wp-json\/wp\/v2\/categories?post=83688"},{"taxonomy":"post_tag","embeddable":true,"href":"https:\/\/vinasfm.com\/noticias\/wp-json\/wp\/v2\/tags?post=83688"}],"curies":[{"name":"wp","href":"https:\/\/api.w.org\/{rel}","templated":true}]}}