{"id":83655,"date":"2021-01-08T12:35:55","date_gmt":"2021-01-08T15:35:55","guid":{"rendered":"http:\/\/vinasfm.com\/noticias\/?p=83655"},"modified":"2021-01-12T19:36:33","modified_gmt":"2021-01-12T22:36:33","slug":"dos-lesionados-en-bowen-a-falta-de-un-dia-para-el-debut-contra-quiroga","status":"publish","type":"post","link":"https:\/\/vinasfm.com\/noticias\/dos-lesionados-en-bowen-a-falta-de-un-dia-para-el-debut-contra-quiroga\/","title":{"rendered":"DOS LESIONADOS EN BOWEN A FALTA DE UN D\u00cdA PARA EL DEBUT CONTRA QUIROGA"},"content":{"rendered":"<h4><span style=\"color: #000000;\">En la antesala del reinicio del Torneo Regional Amateur, los dirigidos por Omar Freire sufrieron dos bajas para recibir a Quiroga de San Rafael. Se trata de Maximiliano Lara y Fernando Alfonso, quienes en el entrenamiento de esta ma\u00f1ana, resultaron lesionados y no podr\u00e1n ser tenidos en cuenta por el entrenador para el encuentro de ma\u00f1ana.<\/span><\/h4>\n<p><span style=\"color: #000000;\">El <strong>Naranja<\/strong> llegaba con bastante rodaje despu\u00e9s de varios amistosos en las \u00faltimas semanas,\u00a0y los protagonistas manifestaban la gran expectativa por el reinicio del <strong>Torneo Regional Amateur<\/strong>. Sin embargo, a falta de poco m\u00e1s de 24 horas para el partido contra <strong>Quiroga de San Rafael (se disputar\u00e1 ma\u00f1ana a las 18 hs),<\/strong> la suerte le jug\u00f3 una mala pasada a Bowen. Es que<strong> Maximiliano Lara y Fernando Alfonso sufrieron lesiones musculares<\/strong> que los marginan del primer partido del a\u00f1o.<\/span><\/p>\n<p><span style=\"color: #000000;\">En el caso de <strong>Maximiliano Lara, era uno de los titulares elegidos por Omar Freire para recibir al conjunto sanrafaelino<\/strong>. Y su lugar en la delantera, ser\u00e1 ocupado ma\u00f1ana por <strong>Franco Gonz\u00e1lez<\/strong>. Mientras que <strong>Fernando Alfonso<\/strong> era otro jugador importante del plantel y tambi\u00e9n estar\u00e1 ausente en el debut de Bowen en el Regional.<\/span><\/p>\n<p><span style=\"color: #000000;\">Con estas bajas, Omar Freire meter\u00e1 mano en el equipo y, en caso de que no haya otra novedad negativa durante la pr\u00e1ctica de la tarde, los 11 titulares para recibir a Quiroga son los siguientes:<\/span><\/p>\n<p><strong><span style=\"color: #000000;\">Emmanuel Arcidi\u00e1ccono; Lucas Alf\u00e9rez, Ezequiel Gadea, Iv\u00e1n Marcolini, Mat\u00edas Pascual; Mat\u00edas Soria, Agust\u00edn Medina, Mat\u00edas Sotomayor, Brian Gatica; Franco Gonz\u00e1lez, Jes\u00fas Funes. DT: Omar Freire.<\/span><\/strong><\/p>\n<p>\u2022<strong>L.A.<\/strong><\/p>\n","protected":false},"excerpt":{"rendered":"<p>En la antesala del reinicio del Torneo Regional Amateur, los dirigidos por Omar Freire sufrieron dos bajas para recibir a Quiroga &#8230;<\/p>\n","protected":false},"author":7,"featured_media":64843,"comment_status":"open","ping_status":"open","sticky":false,"template":"","format":"standard","meta":{"footnotes":""},"categories":[5,3],"tags":[109,107,110],"class_list":["post-83655","post","type-post","status-publish","format-standard","has-post-thumbnail","hentry","category-actualidad","category-deportes","tag-bowen","tag-futbol","tag-torneo-regional-amateur"],"_links":{"self":[{"href":"https:\/\/vinasfm.com\/noticias\/wp-json\/wp\/v2\/posts\/83655","targetHints":{"allow":["GET"]}}],"collection":[{"href":"https:\/\/vinasfm.com\/noticias\/wp-json\/wp\/v2\/posts"}],"about":[{"href":"https:\/\/vinasfm.com\/noticias\/wp-json\/wp\/v2\/types\/post"}],"author":[{"embeddable":true,"href":"https:\/\/vinasfm.com\/noticias\/wp-json\/wp\/v2\/users\/7"}],"replies":[{"embeddable":true,"href":"https:\/\/vinasfm.com\/noticias\/wp-json\/wp\/v2\/comments?post=83655"}],"version-history":[{"count":4,"href":"https:\/\/vinasfm.com\/noticias\/wp-json\/wp\/v2\/posts\/83655\/revisions"}],"predecessor-version":[{"id":83669,"href":"https:\/\/vinasfm.com\/noticias\/wp-json\/wp\/v2\/posts\/83655\/revisions\/83669"}],"wp:featuredmedia":[{"embeddable":true,"href":"https:\/\/vinasfm.com\/noticias\/wp-json\/wp\/v2\/media\/64843"}],"wp:attachment":[{"href":"https:\/\/vinasfm.com\/noticias\/wp-json\/wp\/v2\/media?parent=83655"}],"wp:term":[{"taxonomy":"category","embeddable":true,"href":"https:\/\/vinasfm.com\/noticias\/wp-json\/wp\/v2\/categories?post=83655"},{"taxonomy":"post_tag","embeddable":true,"href":"https:\/\/vinasfm.com\/noticias\/wp-json\/wp\/v2\/tags?post=83655"}],"curies":[{"name":"wp","href":"https:\/\/api.w.org\/{rel}","templated":true}]}}