{"id":83640,"date":"2021-01-09T11:10:38","date_gmt":"2021-01-09T14:10:38","guid":{"rendered":"http:\/\/vinasfm.com\/noticias\/?p=83640"},"modified":"2021-01-12T17:49:13","modified_gmt":"2021-01-12T20:49:13","slug":"covid-19-alvear-confirmo-5-nuevos-casos-positivos-y-9-recuperados","status":"publish","type":"post","link":"https:\/\/vinasfm.com\/noticias\/covid-19-alvear-confirmo-5-nuevos-casos-positivos-y-9-recuperados\/","title":{"rendered":"COVID-19: ALVEAR CONFIRM\u00d3 5 NUEVOS CASOS POSITIVOS Y 9 PACIENTES RECUPERADOS"},"content":{"rendered":"<h4><span style=\"color: #000000;\"><strong>De acuerdo al informe suministrado por el Laboratorio Covid Regi\u00f3n Sur, Alvear registr\u00f3 5 nuevos casos positivos de Covid-19 en las \u00faltimas 24 horas, lapso en el que no se confirm\u00f3 la recuperaci\u00f3n de 9 pacientes.<\/strong><\/span><\/h4>\n<p><span style=\"color: #000000;\">Al momento, el total de casos acumulados en el Hospital\u00a0<em>Enfermeros Argentinos\u00a0<\/em>es de\u00a0<strong>1762 <\/strong><strong>(93 <\/strong><strong>casos\u00a0<\/strong><strong>activos, 1616 <\/strong><strong>casos recuperados, 55\u00a0<\/strong><strong>fallecimientos<\/strong>).<\/span><\/p>\n<h4 style=\"text-align: center;\"><span style=\"color: #000000;\"><strong>INFORME REGI\u00d3N SUR<\/strong><\/span><\/h4>\n<p><span style=\"color: #000000;\">Este\u00a0<strong>viernes<\/strong>, los tres departamentos del sur mendocino sumaron <strong>9 <\/strong><strong>nuevos casos de Covid-19.\u00a0<\/strong>Se procesaron <strong>45 <\/strong><strong>muestras de PCR: 36 fueron negativas y 9 <\/strong><b>resultaron positivas.\u00a0<\/b><\/span><\/p>\n<ul>\n<li><span style=\"color: #000000;\"><strong>GENERAL ALVEAR: 9 casos positivos.<\/strong><\/span><\/li>\n<li><span style=\"color: #000000;\"><strong>SAN RAFAEL: 16 casos positivos.<\/strong><\/span><\/li>\n<li><span style=\"color: #000000;\"><strong>MALARG\u00dcE: 2 casos positivos.<\/strong><\/span><\/li>\n<\/ul>\n<p><span style=\"color: #000000;\"><strong>Con estas cifras, San Rafael, Malarg\u00fce y General Alvear cuentan con 7573 casos positivos confirmados de los cuales 5852 se han recuperado y 174 han perdido la vida por Covid-19.<\/strong><\/span><\/p>\n<h5><span style=\"color: #000000;\">\u2022F.B. (F.M. Vi\u00f1as).<\/span><\/h5>\n","protected":false},"excerpt":{"rendered":"<p>De acuerdo al informe suministrado por el Laboratorio Covid Regi\u00f3n Sur, Alvear registr\u00f3 5 nuevos casos positivos de Covid-19 en las &#8230;<\/p>\n","protected":false},"author":8,"featured_media":61610,"comment_status":"open","ping_status":"open","sticky":false,"template":"","format":"standard","meta":{"footnotes":""},"categories":[5,15],"tags":[],"class_list":["post-83640","post","type-post","status-publish","format-standard","has-post-thumbnail","hentry","category-actualidad","category-salud"],"_links":{"self":[{"href":"https:\/\/vinasfm.com\/noticias\/wp-json\/wp\/v2\/posts\/83640","targetHints":{"allow":["GET"]}}],"collection":[{"href":"https:\/\/vinasfm.com\/noticias\/wp-json\/wp\/v2\/posts"}],"about":[{"href":"https:\/\/vinasfm.com\/noticias\/wp-json\/wp\/v2\/types\/post"}],"author":[{"embeddable":true,"href":"https:\/\/vinasfm.com\/noticias\/wp-json\/wp\/v2\/users\/8"}],"replies":[{"embeddable":true,"href":"https:\/\/vinasfm.com\/noticias\/wp-json\/wp\/v2\/comments?post=83640"}],"version-history":[{"count":8,"href":"https:\/\/vinasfm.com\/noticias\/wp-json\/wp\/v2\/posts\/83640\/revisions"}],"predecessor-version":[{"id":83697,"href":"https:\/\/vinasfm.com\/noticias\/wp-json\/wp\/v2\/posts\/83640\/revisions\/83697"}],"wp:featuredmedia":[{"embeddable":true,"href":"https:\/\/vinasfm.com\/noticias\/wp-json\/wp\/v2\/media\/61610"}],"wp:attachment":[{"href":"https:\/\/vinasfm.com\/noticias\/wp-json\/wp\/v2\/media?parent=83640"}],"wp:term":[{"taxonomy":"category","embeddable":true,"href":"https:\/\/vinasfm.com\/noticias\/wp-json\/wp\/v2\/categories?post=83640"},{"taxonomy":"post_tag","embeddable":true,"href":"https:\/\/vinasfm.com\/noticias\/wp-json\/wp\/v2\/tags?post=83640"}],"curies":[{"name":"wp","href":"https:\/\/api.w.org\/{rel}","templated":true}]}}