{"id":83609,"date":"2021-01-08T23:36:44","date_gmt":"2021-01-09T02:36:44","guid":{"rendered":"http:\/\/vinasfm.com\/noticias\/?p=83609"},"modified":"2021-01-09T09:38:01","modified_gmt":"2021-01-09T12:38:01","slug":"otra-gran-noche-se-vivio-en-la-costanera-con-el-deskanso","status":"publish","type":"post","link":"https:\/\/vinasfm.com\/noticias\/otra-gran-noche-se-vivio-en-la-costanera-con-el-deskanso\/","title":{"rendered":"OTRA GRAN NOCHE SE VIVI\u00d3 EN LA COSTANERA CON &#8216;EL DESKANSO&#8217;"},"content":{"rendered":"<h4><strong><span style=\"color: #000000;\">Este jueves los alvearenses y los turistas que visitan el departamento disfrutaron con otro gran espect\u00e1culo al aire libre. En esta oportunidad la popular banda local \u00abEl Deskanso\u00bb fue la protagonista del show en el que la gente se reuni\u00f3 a disfrutar de la m\u00fasica y la naturaleza.<\/span><\/strong><\/h4>\n<p><span style=\"color: #000000;\">Las noches de <strong>Costanera Suena<\/strong> re\u00fanen a grandes artistas a orilla del r\u00edo Atuel\u00a0 bajo las estrellas, donde familias y amigos pueden pasar buenos momentos degustando la gastronom\u00eda local y los exquisitos tragos del viejo vag\u00f3n. Este jueves todos los que llegaron al lugar disfrutaron de la banda <strong>El Deskanso. El Mochila, integrante de la banda<\/strong>, expres\u00f3 la alegr\u00eda por el show: <strong><em>\u201cEstamos muy contentos de volver a tocar en este lugar. Lo que hacemos es tocar canciones retro en forma de cumbia, tambi\u00e9n tenemos canciones propias y estamos felices de\u00a0 poder tocar ac\u00e1\u00bb.<\/em><\/strong><\/span><\/p>\n<p><span style=\"color: #000000;\"><strong>Fabiana Gonz\u00e1lez,\u00a0 Directora de Turismo<\/strong>, tambi\u00e9n se refiri\u00f3 al concierto y a las oportunidades que ofrece ese escenario natural: <em><strong>\u201cEn este a\u00f1o nuevo seguimos compartiendo nuestra m\u00fasica, nuestro r\u00edo, y el arte, adem\u00e1s de la gastronom\u00eda. Pero sobre todo la gente disfruta de la tarde, el sol, la tirolesa, el agua del r\u00edo Atuel esto hace que la Costanera sea cada vez m\u00e1s elegida, adem\u00e1s de ese plus con los shows que le agregamos todos los viernes\u201d.<\/strong><\/em><\/span><\/p>\n<p><span style=\"color: #000000;\">Tambi\u00e9n hubo turistas que mostraron la alegr\u00eda por el momento compartido: <strong><em>\u201cSoy Ema, vivo en Buenos Aires y me encanta venir al r\u00edo y a General Alvear porque es re tranquilo, algo que no tengo donde vivo. Ac\u00e1 vengo a visitar a mis abuelos, es muy hermoso este lugar\u201d<\/em><\/strong>. <strong>Jesica, otra turista de Buenos Aires dijo<\/strong>: <strong><em>\u201cVenimos a visitar a familiares que tenemos en General Alvear y la verdad que es hermosa esta playita, no la conoc\u00edamos es muy linda, nos quedamos unos d\u00edas y despu\u00e9s nos volvemos\u201d.<\/em><\/strong><\/span><\/p>\n<p><span style=\"color: #000000;\">En cuanto al <strong>Viejo Vag\u00f3n, Nadia y Lucas<\/strong> (sus encargados) invitaron a los alvearenses a la Costanera: <strong><em>\u00abEsta es una noche de shows tenemos un carrito que nos acompa\u00f1a con comida. En la semana pueden venir a disfrutar con la familia, con amigos de lunes a viernes desde las 14h y los s\u00e1bados desde las 11 hasta las 21h. La idea es apuntar a las familias y agradecerles a todos los que vienen porque respetan los protocolos y se cuidan y nos cuidan, eso es fundamental para que esto siga funcionando\u201d.<\/em><\/strong><\/span><\/p>\n<p><span style=\"color: #000000;\">\u2022<strong>L.A.<\/strong><\/span><\/p>\n","protected":false},"excerpt":{"rendered":"<p>Este jueves los alvearenses y los turistas que visitan el departamento disfrutaron con otro gran espect\u00e1culo al aire libre. En esta &#8230;<\/p>\n","protected":false},"author":7,"featured_media":65229,"comment_status":"open","ping_status":"open","sticky":false,"template":"","format":"standard","meta":{"footnotes":""},"categories":[5,19],"tags":[],"class_list":["post-83609","post","type-post","status-publish","format-standard","has-post-thumbnail","hentry","category-actualidad","category-cultura"],"_links":{"self":[{"href":"https:\/\/vinasfm.com\/noticias\/wp-json\/wp\/v2\/posts\/83609","targetHints":{"allow":["GET"]}}],"collection":[{"href":"https:\/\/vinasfm.com\/noticias\/wp-json\/wp\/v2\/posts"}],"about":[{"href":"https:\/\/vinasfm.com\/noticias\/wp-json\/wp\/v2\/types\/post"}],"author":[{"embeddable":true,"href":"https:\/\/vinasfm.com\/noticias\/wp-json\/wp\/v2\/users\/7"}],"replies":[{"embeddable":true,"href":"https:\/\/vinasfm.com\/noticias\/wp-json\/wp\/v2\/comments?post=83609"}],"version-history":[{"count":7,"href":"https:\/\/vinasfm.com\/noticias\/wp-json\/wp\/v2\/posts\/83609\/revisions"}],"predecessor-version":[{"id":83620,"href":"https:\/\/vinasfm.com\/noticias\/wp-json\/wp\/v2\/posts\/83609\/revisions\/83620"}],"wp:featuredmedia":[{"embeddable":true,"href":"https:\/\/vinasfm.com\/noticias\/wp-json\/wp\/v2\/media\/65229"}],"wp:attachment":[{"href":"https:\/\/vinasfm.com\/noticias\/wp-json\/wp\/v2\/media?parent=83609"}],"wp:term":[{"taxonomy":"category","embeddable":true,"href":"https:\/\/vinasfm.com\/noticias\/wp-json\/wp\/v2\/categories?post=83609"},{"taxonomy":"post_tag","embeddable":true,"href":"https:\/\/vinasfm.com\/noticias\/wp-json\/wp\/v2\/tags?post=83609"}],"curies":[{"name":"wp","href":"https:\/\/api.w.org\/{rel}","templated":true}]}}