{"id":83494,"date":"2021-01-08T23:00:08","date_gmt":"2021-01-09T02:00:08","guid":{"rendered":"http:\/\/vinasfm.com\/noticias\/?p=83494"},"modified":"2021-01-11T10:41:53","modified_gmt":"2021-01-11T13:41:53","slug":"con-multiples-propuestas-este-fin-de-semana-se-vivira-a-pleno-en-alvear","status":"publish","type":"post","link":"https:\/\/vinasfm.com\/noticias\/con-multiples-propuestas-este-fin-de-semana-se-vivira-a-pleno-en-alvear\/","title":{"rendered":"CON M\u00daLTIPLES PROPUESTAS, ESTE FIN DE SEMANA SE VIVIR\u00c1 A PLENO EN ALVEAR"},"content":{"rendered":"<h4><strong><span style=\"color: #000000;\">Este jueves comienzan a desarrollarse el programa de actividades sociales pensado para la familia alvearense y turistas que visiten nuestro departamento. Desde la Direcci\u00f3n de Turismo, Fabiana Gonz\u00e1lez present\u00f3 el cronograma propuesto para los pr\u00f3ximos d\u00edas que compone Costanera Suena, Peatonal del Arte y el Vino, Multiespacios y Museos.<\/span><\/strong><\/h4>\n<h4><span style=\"color: #000000;\"><strong>COSTANERA SUENA<\/strong><\/span><\/h4>\n<p><span style=\"color: #000000;\">El ciclo musical del verano que re\u00fane a artistas de nuestro Departamento con las familias y amigos se vive en la inolvidable en <strong>Costanera Alvear<\/strong>. Este <strong>jueves 7<\/strong>, desde las<strong> 21h<\/strong>\u00a0 \u2018<strong><em>El Deskanso<\/em><\/strong>\u2019 har\u00e1 vibrar la costanera con varios temas nuevos y el <strong>viernes 8<\/strong> se presentar\u00e1 &#8216;<strong><em>Do Acorde<\/em><\/strong>&#8216;.<\/span><\/p>\n<p><span style=\"color: #000000;\">Este ciclo de <strong>Costanera Suena<\/strong> es donde se puede disfrutar de una noche a la vera del R\u00edo Atuel, escuchando la m\u00fasica de grandes artistas locales \u201c<strong><em>Son dos noches de buena m\u00fasica local donde recordamos que los concurrentes pueden llevar sus conservadoras y alimentos aunque en el lugar hay food truck y el Viejo Bag\u00f3n<\/em><\/strong>\u201d, coment\u00f3<strong>\u00a0<\/strong>a <strong>F.M. VI\u00d1AS <\/strong>la<strong> Directora de Turismo<\/strong>. En la misma l\u00ednea record\u00f3 que estar\u00e1 disponible el<strong> Bus Tur\u00edstico<\/strong> desde las <strong>20h<\/strong> en el <strong>informador tur\u00edstico<\/strong> (Km 0) y al finalizar regresa hasta el punto de partida.<\/span><\/p>\n<h4><span style=\"color: #000000;\"><strong>PEATONAL DEL ARTE Y EL VINO<\/strong><\/span><\/h4>\n<p><span style=\"color: #000000;\">El <strong>s\u00e1bado 9 desde las 21h<\/strong> se desarrollar\u00e1 &#8216;<strong>Bowen Peatonal<\/strong>&#8216; y el <strong>domingo 10 desde las 18h<\/strong> la cuarta &#8216;<strong>Peatonal del Arte y el Vino<\/strong>&#8216; en Ciudad sobre\u00a0<strong>Avenida Alvear Oeste <\/strong>donde\u00a0\u2018<strong><em>estar\u00e1 en uno de los escenarios la banda Max Graff, Do Acorde y artistas que ganaron el concurso Ala Vuela y en el otro estar\u00e1 el elenco de Ivi Dance, Mariano Ruiz y Las Voces del Atuel<\/em><\/strong>\u2018, se\u00f1al\u00f3 la <strong>Directora de Cultura Liana Piedrafita.<\/strong><\/span><\/p>\n<p><span style=\"color: #000000;\">En la misma l\u00ednea record\u00f3 que &#8216;<em><strong>es fundamental que quienes asistan cumplan con las medidas de distanciamiento e higiene ante la situaci\u00f3n sanitaria con el fin de poder darle continuidad a esta propuesta&#8217;<\/strong><\/em> que disfrutan alvearenses y turistas todos los domingos del verano y que muestra las bondades del departamento a trav\u00e9s de los\u00a0restaurantes y bares, artesanos, vinos locales, comidas t\u00edpicas, artistas y buena m\u00fasica.<\/span><\/p>\n<h4><span style=\"color: #000000;\"><strong>MULTIESPACIOS, MUSEOS y RESERVAS NATURALES<\/strong><\/span><\/h4>\n<p><span style=\"color: #000000;\">Al ser consultada sobre uno de los sitios m\u00e1s concurridos y que combina nuestro patrimonio hist\u00f3rico, arquitect\u00f3nico, cultural y productivo, la funcionaria se mostr\u00f3 conforme con los resultados al momento: &#8216;<strong><em>Este fin de semana logramos un r\u00e9cord de visitas de familias que cumpliendo el protocolo disfrutaron de lo que ofrece Alvear en el Multiespacio<\/em><\/strong>&#8216;, destac\u00f3.\u00a0<\/span><\/p>\n<p><span style=\"color: #000000;\">Adem\u00e1s invit\u00f3 a recorrer el <strong>Museo de Ciencias Naturales &#8216;Rafael Reinoso&#8217; <\/strong>en <strong>calle<\/strong> <strong>Jos\u00e9 Martinez<\/strong> (<strong>Carmensa<\/strong>) que es\u00a0 es un espacio dedicado a ense\u00f1ar a los visitantes sobre la <strong>fauna y flora local<\/strong>. <strong>Consta de mas de 200 espec\u00edmenes embalsamados<\/strong> con t\u00e9cnica de taxidermia, entre los cuales se encuentran variedades de insectos como tambi\u00e9n mam\u00edferos, aves y reptiles. El\u00a0<strong>Museo Reinoso<\/strong> abre sus puertas de <strong>martes a viernes de 8:30 a 12:30h<\/strong>\u00a0y de\u00a0<strong>16 a 20h.\u00a0<\/strong>Los\u00a0<strong>s\u00e1bados, domingos<\/strong>\u00a0y\u00a0<strong>feriados<\/strong>\u00a0de\u00a0<strong>16 a 20h<\/strong>.<\/span><\/p>\n<p><span style=\"color: #000000;\">El <strong>Museo de la Guerra de Malvinas<\/strong> ubicado en<strong> calle Roca casi Paso de Los Andes<\/strong> (<strong>Ciudad<\/strong>) se lo puede visitar de <strong>lunes a viernes de 8 a 12:30h. <\/strong>Finalmente cabe destacar que la <strong>Reserva Natural &#8216;El Trapal&#8217;\u00a0<\/strong>se puede disfrutar <strong>todos los d\u00edas de 10h a 19h.<\/strong><\/span><\/p>\n<h5><span style=\"color: #000000;\">\u2022F.B. (F.M. Vi\u00f1as).<\/span><\/h5>\n","protected":false},"excerpt":{"rendered":"<p>Este jueves comienzan a desarrollarse el programa de actividades sociales pensado para la familia alvearense y turistas que visiten nuestro departamento. &#8230;<\/p>\n","protected":false},"author":8,"featured_media":83496,"comment_status":"open","ping_status":"open","sticky":false,"template":"","format":"standard","meta":{"footnotes":""},"categories":[5,19],"tags":[],"class_list":["post-83494","post","type-post","status-publish","format-standard","has-post-thumbnail","hentry","category-actualidad","category-cultura"],"_links":{"self":[{"href":"https:\/\/vinasfm.com\/noticias\/wp-json\/wp\/v2\/posts\/83494","targetHints":{"allow":["GET"]}}],"collection":[{"href":"https:\/\/vinasfm.com\/noticias\/wp-json\/wp\/v2\/posts"}],"about":[{"href":"https:\/\/vinasfm.com\/noticias\/wp-json\/wp\/v2\/types\/post"}],"author":[{"embeddable":true,"href":"https:\/\/vinasfm.com\/noticias\/wp-json\/wp\/v2\/users\/8"}],"replies":[{"embeddable":true,"href":"https:\/\/vinasfm.com\/noticias\/wp-json\/wp\/v2\/comments?post=83494"}],"version-history":[{"count":4,"href":"https:\/\/vinasfm.com\/noticias\/wp-json\/wp\/v2\/posts\/83494\/revisions"}],"predecessor-version":[{"id":83499,"href":"https:\/\/vinasfm.com\/noticias\/wp-json\/wp\/v2\/posts\/83494\/revisions\/83499"}],"wp:featuredmedia":[{"embeddable":true,"href":"https:\/\/vinasfm.com\/noticias\/wp-json\/wp\/v2\/media\/83496"}],"wp:attachment":[{"href":"https:\/\/vinasfm.com\/noticias\/wp-json\/wp\/v2\/media?parent=83494"}],"wp:term":[{"taxonomy":"category","embeddable":true,"href":"https:\/\/vinasfm.com\/noticias\/wp-json\/wp\/v2\/categories?post=83494"},{"taxonomy":"post_tag","embeddable":true,"href":"https:\/\/vinasfm.com\/noticias\/wp-json\/wp\/v2\/tags?post=83494"}],"curies":[{"name":"wp","href":"https:\/\/api.w.org\/{rel}","templated":true}]}}