{"id":83360,"date":"2021-01-05T23:50:54","date_gmt":"2021-01-06T02:50:54","guid":{"rendered":"http:\/\/vinasfm.com\/noticias\/?p=83360"},"modified":"2021-01-06T10:30:02","modified_gmt":"2021-01-06T13:30:02","slug":"da-dalt-explico-quienes-pueden-acceder-al-programa-de-creditos-anses","status":"publish","type":"post","link":"https:\/\/vinasfm.com\/noticias\/da-dalt-explico-quienes-pueden-acceder-al-programa-de-creditos-anses\/","title":{"rendered":"DA DALT EXPLIC\u00d3 QUI\u00c9NES PUEDEN ACCEDER AL PROGRAMA DE CR\u00c9DITOS ANSES"},"content":{"rendered":"<h4><span style=\"color: #000000;\"><strong>La Administraci\u00f3n Nacional de Seguridad Social (Anses) relanz\u00f3 hoy el programa de cr\u00e9ditos del organismo que destinar\u00e1 m\u00e1s de $250.000 millones para asistir a jubilados, pensionados, beneficiarios de pensiones no contributivas (PNC) y para titulares de pensi\u00f3n universal para el adulto mayor (PUAM) con una tasa de inter\u00e9s del 29%.<\/strong><\/span><\/h4>\n<p><span style=\"color: #000000;\"><strong>Cristina Da Dalt<\/strong>,<strong> Gerente de la Unidad de Atenci\u00f3n Integral<\/strong> (<strong>UDAI<\/strong>) <strong>de ANSES<\/strong> en San Rafael- que incluye a todo el sur mendocino-, explic\u00f3 a <strong>F.M. VI\u00d1AS<\/strong> que esta nueva l\u00ednea de cr\u00e9dito es &#8216;<strong><em>muy interesante comparada con las entidades financieras en cuanto a la tasa de inter\u00e9s que es del 29%<\/em><\/strong>&#8216; pero como requisito esencial destac\u00f3 que &#8216;<strong><em>solo podr\u00e1n acceder a los nuevos cr\u00e9ditos Anses aquellos que no est\u00e9n abonando un cr\u00e9dito anterior<\/em><\/strong>&#8216;.<\/span><\/p>\n<p><span style=\"color: #000000;\"><span style=\"color: #000000;\">En el caso de<\/span><strong style=\"color: #000000;\">\u00a0jubilados y pensionados (SIPA),<\/strong><span style=\"color: #000000;\"> &#8216;<\/span><em><b style=\"color: #000000;\">el monto a solicitar podr\u00e1 variar entre 5.000 y 200.000 pesos de acuerdo a lo que se cobra, los plazos para el pago pueden ser de entre 24, 36, 48 <\/b><span style=\"color: #000000;\"><b>o<\/b><\/span><b style=\"color: #000000;\">\u00a060 cuotas, y deber\u00e1n tener menos de 90 a\u00f1os al momento de finalizarlo<\/b><\/em><span style=\"color: #000000;\">&#8216;, se\u00f1al\u00f3 <\/span><strong style=\"color: #000000;\">Da Dalt<\/strong><span style=\"color: #000000;\">.<\/span><\/span><\/p>\n<p><span style=\"color: #000000;\">Para las <strong>personas con discapacidad por Invalidez y las madres de 7 hijos<\/strong>, la funcionaria indic\u00f3 que &#8216;<strong><em>el monto a solicitar podr\u00e1 ser de entre 5.000 a 70.000 pesos, los plazos tambi\u00e9n podr\u00e1n ser de 24, 36, 48 o 60 cuotas, y deber\u00e1n tener menos de 75 a\u00f1os al momento de finalizarlo<\/em><\/strong>&#8216;. Con respecto a los beneficiarios de\u00a0<strong>Pensi\u00f3n por Adulto Mayor (PUAM) y Pensi\u00f3n no contributiva (PNC) Vejez,\u00a0<\/strong>el monto y los plazos son similares, y deber\u00e1n tener menos de 90 a\u00f1os al momento de finalizarlo.<\/span><\/p>\n<p><span style=\"color: #000000;\">Al ser consultada sobre la gesti\u00f3n y tramitolog\u00eda para obtener el cr\u00e9dito, especific\u00f3:<\/span> &#8216;<span style=\"color: #000000;\"><strong><em>Hay que sacar turno si o si v\u00eda web en la pagina de <a href=\"http:\/\/www.anses.gob.ar\">www.anses.gob.ar<\/a> y de acuerdo a d\u00eda y horario deben acercarse a la Oficina de Anses donde de forma presencial se gestiona<\/em><\/strong><\/span>&#8216;.<\/p>\n<p><span style=\"color: #000000;\">&#8216;<strong><em>La finalidad de los cr\u00e9ditos es distinta a a\u00f1os anteriores porque la gente quiere tomar cr\u00e9dito para acondicionar sus casas, viajes y proyectos. Recordemos que en los \u00faltimos a\u00f1os, ante los tarifazos, los beneficiarios se endeudaban para pagar servicios<\/em><\/strong>&#8216;, concluy\u00f3 la Gerente de la UDAI.<\/span><\/p>\n<h5><span style=\"color: #000000;\">\u2022Fernando Burett (F.M. Vi\u00f1as).<\/span><\/h5>\n","protected":false},"excerpt":{"rendered":"<p>La Administraci\u00f3n Nacional de Seguridad Social (Anses) relanz\u00f3 hoy el programa de cr\u00e9ditos del organismo que destinar\u00e1 m\u00e1s de $250.000 millones &#8230;<\/p>\n","protected":false},"author":8,"featured_media":71332,"comment_status":"open","ping_status":"open","sticky":false,"template":"","format":"standard","meta":{"footnotes":""},"categories":[5,50],"tags":[],"class_list":["post-83360","post","type-post","status-publish","format-standard","has-post-thumbnail","hentry","category-actualidad","category-anses"],"_links":{"self":[{"href":"https:\/\/vinasfm.com\/noticias\/wp-json\/wp\/v2\/posts\/83360","targetHints":{"allow":["GET"]}}],"collection":[{"href":"https:\/\/vinasfm.com\/noticias\/wp-json\/wp\/v2\/posts"}],"about":[{"href":"https:\/\/vinasfm.com\/noticias\/wp-json\/wp\/v2\/types\/post"}],"author":[{"embeddable":true,"href":"https:\/\/vinasfm.com\/noticias\/wp-json\/wp\/v2\/users\/8"}],"replies":[{"embeddable":true,"href":"https:\/\/vinasfm.com\/noticias\/wp-json\/wp\/v2\/comments?post=83360"}],"version-history":[{"count":3,"href":"https:\/\/vinasfm.com\/noticias\/wp-json\/wp\/v2\/posts\/83360\/revisions"}],"predecessor-version":[{"id":83369,"href":"https:\/\/vinasfm.com\/noticias\/wp-json\/wp\/v2\/posts\/83360\/revisions\/83369"}],"wp:featuredmedia":[{"embeddable":true,"href":"https:\/\/vinasfm.com\/noticias\/wp-json\/wp\/v2\/media\/71332"}],"wp:attachment":[{"href":"https:\/\/vinasfm.com\/noticias\/wp-json\/wp\/v2\/media?parent=83360"}],"wp:term":[{"taxonomy":"category","embeddable":true,"href":"https:\/\/vinasfm.com\/noticias\/wp-json\/wp\/v2\/categories?post=83360"},{"taxonomy":"post_tag","embeddable":true,"href":"https:\/\/vinasfm.com\/noticias\/wp-json\/wp\/v2\/tags?post=83360"}],"curies":[{"name":"wp","href":"https:\/\/api.w.org\/{rel}","templated":true}]}}