{"id":83326,"date":"2021-01-05T23:37:26","date_gmt":"2021-01-06T02:37:26","guid":{"rendered":"http:\/\/vinasfm.com\/noticias\/?p=83326"},"modified":"2021-01-09T09:45:49","modified_gmt":"2021-01-09T12:45:49","slug":"transporte-anunciaron-los-nuevos-horarios-de-las-lineas-de-colectivos-locales-e-interdepartamentales","status":"publish","type":"post","link":"https:\/\/vinasfm.com\/noticias\/transporte-anunciaron-los-nuevos-horarios-de-las-lineas-de-colectivos-locales-e-interdepartamentales\/","title":{"rendered":"TRANSPORTE: ANUNCIARON LOS NUEVOS HORARIOS DE LAS LINEAS DE COLECTIVOS LOCALES E INTERDEPARTAMENTALES"},"content":{"rendered":"<h4><span style=\"color: #000000;\"><strong>Desde este lunes 4 de enero comenz\u00f3 a regir el nuevo horario en las l\u00edneas de colectivos locales. Cabe recordar que el pasado 21 de diciembre se reanud\u00f3 el sistema de lunes a viernes que con motivo de las restricciones producto de la pandemia funcionaban como d\u00eda s\u00e1bado desde el mes de junio.<\/strong><\/span><\/h4>\n<p><span style=\"color: #000000;\">Con este nuevo horario,\u00a0<strong>los servicios ir\u00e1n desde las 6 de la ma\u00f1ana \u2013 dependiendo de cada localidad \u2013 hasta las 00hs<\/strong>. De esta manera, se cubre una mayor franja, que permitir\u00eda\u00a0a los vecinos utilizar el transporte p\u00fablico para llegar y regresar desde sus trabajos.<\/span><\/p>\n<h4><span style=\"color: #000000;\"><strong><span style=\"color: #000000;\">NUEVO CRONOGRAMA DE TRASPORTE LOCAL:<\/span><\/strong><\/span><\/h4>\n<p><span style=\"color: #000000;\"><a style=\"color: #000000;\" href=\"http:\/\/vinasfm.com\/noticias\/wp-content\/uploads\/2021\/01\/horario-ene.jpg\"><img loading=\"lazy\" decoding=\"async\" class=\" wp-image-83328 aligncenter\" src=\"http:\/\/vinasfm.com\/noticias\/wp-content\/uploads\/2021\/01\/horario-ene-253x300.jpg\" alt=\"\" width=\"701\" height=\"831\" srcset=\"https:\/\/vinasfm.com\/noticias\/wp-content\/uploads\/2021\/01\/horario-ene-253x300.jpg 253w, https:\/\/vinasfm.com\/noticias\/wp-content\/uploads\/2021\/01\/horario-ene-864x1024.jpg 864w, https:\/\/vinasfm.com\/noticias\/wp-content\/uploads\/2021\/01\/horario-ene-768x910.jpg 768w, https:\/\/vinasfm.com\/noticias\/wp-content\/uploads\/2021\/01\/horario-ene-1296x1536.jpg 1296w, https:\/\/vinasfm.com\/noticias\/wp-content\/uploads\/2021\/01\/horario-ene.jpg 1393w\" sizes=\"auto, (max-width: 701px) 100vw, 701px\" \/><\/a><\/span><\/p>\n<h4><span style=\"color: #000000;\"><strong>CRONOGRAMA DE VIAJES ALVEAR-SAN RAFAEL:<\/strong><\/span><\/h4>\n<p><span style=\"color: #000000;\"><a style=\"color: #000000;\" href=\"http:\/\/vinasfm.com\/noticias\/wp-content\/uploads\/2021\/01\/horario-san-rafael-e1609803230836.jpg\"><img loading=\"lazy\" decoding=\"async\" class=\"wp-image-83331 aligncenter\" src=\"http:\/\/vinasfm.com\/noticias\/wp-content\/uploads\/2021\/01\/horario-san-rafael-e1609803230836-300x269.jpg\" alt=\"\" width=\"722\" height=\"647\" srcset=\"https:\/\/vinasfm.com\/noticias\/wp-content\/uploads\/2021\/01\/horario-san-rafael-e1609803230836-300x269.jpg 300w, https:\/\/vinasfm.com\/noticias\/wp-content\/uploads\/2021\/01\/horario-san-rafael-e1609803230836-1024x917.jpg 1024w, https:\/\/vinasfm.com\/noticias\/wp-content\/uploads\/2021\/01\/horario-san-rafael-e1609803230836-768x688.jpg 768w, https:\/\/vinasfm.com\/noticias\/wp-content\/uploads\/2021\/01\/horario-san-rafael-e1609803230836.jpg 1187w\" sizes=\"auto, (max-width: 722px) 100vw, 722px\" \/><\/a><\/span><\/p>\n<h4><span style=\"color: #000000;\"><strong>CRONOGRAMA DE VIAJES ALVEAR-MALARG\u00dcE:<\/strong><\/span><\/h4>\n<p><span style=\"color: #000000;\"><a style=\"color: #000000;\" href=\"http:\/\/vinasfm.com\/noticias\/wp-content\/uploads\/2021\/01\/horario-malargue-scaled-1-e1609803271619.jpg\"><img loading=\"lazy\" decoding=\"async\" class=\"wp-image-83330 aligncenter\" src=\"http:\/\/vinasfm.com\/noticias\/wp-content\/uploads\/2021\/01\/horario-malargue-scaled-1-e1609803271619-255x300.jpg\" alt=\"\" width=\"722\" height=\"849\" srcset=\"https:\/\/vinasfm.com\/noticias\/wp-content\/uploads\/2021\/01\/horario-malargue-scaled-1-e1609803271619-255x300.jpg 255w, https:\/\/vinasfm.com\/noticias\/wp-content\/uploads\/2021\/01\/horario-malargue-scaled-1-e1609803271619-1304x1536.jpg 1304w\" sizes=\"auto, (max-width: 722px) 100vw, 722px\" \/><\/a><\/span><\/p>\n<h5><span style=\"color: #000000;\">\u2022F.B. (F.M. Vi\u00f1as).<\/span><\/h5>\n","protected":false},"excerpt":{"rendered":"<p>Desde este lunes 4 de enero comenz\u00f3 a regir el nuevo horario en las l\u00edneas de colectivos locales. Cabe recordar que &#8230;<\/p>\n","protected":false},"author":8,"featured_media":65649,"comment_status":"open","ping_status":"open","sticky":false,"template":"","format":"standard","meta":{"footnotes":""},"categories":[5,66],"tags":[],"class_list":["post-83326","post","type-post","status-publish","format-standard","has-post-thumbnail","hentry","category-actualidad","category-transporte"],"_links":{"self":[{"href":"https:\/\/vinasfm.com\/noticias\/wp-json\/wp\/v2\/posts\/83326","targetHints":{"allow":["GET"]}}],"collection":[{"href":"https:\/\/vinasfm.com\/noticias\/wp-json\/wp\/v2\/posts"}],"about":[{"href":"https:\/\/vinasfm.com\/noticias\/wp-json\/wp\/v2\/types\/post"}],"author":[{"embeddable":true,"href":"https:\/\/vinasfm.com\/noticias\/wp-json\/wp\/v2\/users\/8"}],"replies":[{"embeddable":true,"href":"https:\/\/vinasfm.com\/noticias\/wp-json\/wp\/v2\/comments?post=83326"}],"version-history":[{"count":5,"href":"https:\/\/vinasfm.com\/noticias\/wp-json\/wp\/v2\/posts\/83326\/revisions"}],"predecessor-version":[{"id":83359,"href":"https:\/\/vinasfm.com\/noticias\/wp-json\/wp\/v2\/posts\/83326\/revisions\/83359"}],"wp:featuredmedia":[{"embeddable":true,"href":"https:\/\/vinasfm.com\/noticias\/wp-json\/wp\/v2\/media\/65649"}],"wp:attachment":[{"href":"https:\/\/vinasfm.com\/noticias\/wp-json\/wp\/v2\/media?parent=83326"}],"wp:term":[{"taxonomy":"category","embeddable":true,"href":"https:\/\/vinasfm.com\/noticias\/wp-json\/wp\/v2\/categories?post=83326"},{"taxonomy":"post_tag","embeddable":true,"href":"https:\/\/vinasfm.com\/noticias\/wp-json\/wp\/v2\/tags?post=83326"}],"curies":[{"name":"wp","href":"https:\/\/api.w.org\/{rel}","templated":true}]}}