{"id":83239,"date":"2021-01-04T12:30:55","date_gmt":"2021-01-04T15:30:55","guid":{"rendered":"http:\/\/vinasfm.com\/noticias\/?p=83239"},"modified":"2021-01-04T20:43:38","modified_gmt":"2021-01-04T23:43:38","slug":"fallecio-felix-grasso-doctor-y-ex-concejal","status":"publish","type":"post","link":"https:\/\/vinasfm.com\/noticias\/fallecio-felix-grasso-doctor-y-ex-concejal\/","title":{"rendered":"FALLECI\u00d3 F\u00c9LIX GRASSO, DOCTOR Y CONCEJAL MANDATO CUMPLIDO"},"content":{"rendered":"<h4><strong><span style=\"color: #000000;\">A los 66 a\u00f1os dej\u00f3 de existir F\u00e9lix Grasso. Como M\u00e9dico Ur\u00f3logo, se destac\u00f3 por su labor en todos los Centros de Salud de General Alvear, y actualmente llevaba a cabo el trabajo en el ambulatorio del Barrio El Cald\u00e9n. En los \u00faltimos a\u00f1os, tambi\u00e9n estuvo ligado a la pol\u00edtica como concejal de la UCR entre <\/span><span style=\"color: #000000;\">2015<\/span><span style=\"color: #000000;\"> y 2019.<\/span><\/strong><\/h4>\n<p><span style=\"color: #000000;\">Este domingo se dio a conocer la triste noticia del fallecimiento del Dr. F\u00e9lix Grasso, quien dej\u00f3 una huella importante en el departamento por su trabajo como M\u00e9dico Ur\u00f3logo, recorriendo todos los Centros de Salud y especialmente el de Bowen, su distrito. Actualmente, Grasso llevaba a cabo sus tareas en el consultorio del Barrio El Cald\u00e9n, donde trabaj\u00f3 con la dedicaci\u00f3n de siempre hasta sus \u00faltimos d\u00edas.<\/span><\/p>\n<p><span style=\"color: #000000;\">Por otro lado, el bowense tambi\u00e9n estuvo involucrado en la pol\u00edtica en sus \u00faltimos a\u00f1os de vida. Entre 2016 y 2019 fue miembro del Honorable Concejo Deliberante en representaci\u00f3n de la Uni\u00f3n C\u00edvica Radical. En este espacio tambi\u00e9n dej\u00f3 un grato recuerdo y as\u00ed lo reconocieron los empleados legislativos, envi\u00e1ndole condolencias a su esposa, la Dra. M\u00f3nica Viola, y a su familia.<\/span><\/p>\n<p><span style=\"color: #000000;\">Los restos del doctor ser\u00e1n velados en el distrito de Bowen y cremados en el d\u00eda de hoy. La familia, por su parte, pidi\u00f3 a los ciudadanos\u00a0que no env\u00eden ofrendas florales y que destinen ese importe a donaciones para la Terapia Intensiva del Hospital Enfermeros Argentinos.<\/span><\/p>\n<p><span style=\"color: #000000;\">\u2022<strong>L.A.<\/strong><\/span><\/p>\n","protected":false},"excerpt":{"rendered":"<p>A los 66 a\u00f1os dej\u00f3 de existir F\u00e9lix Grasso. Como M\u00e9dico Ur\u00f3logo, se destac\u00f3 por su labor en todos los Centros &#8230;<\/p>\n","protected":false},"author":7,"featured_media":10979,"comment_status":"open","ping_status":"open","sticky":false,"template":"","format":"standard","meta":{"footnotes":""},"categories":[5,10],"tags":[109,118,115,112,95,119,120],"class_list":["post-83239","post","type-post","status-publish","format-standard","has-post-thumbnail","hentry","category-actualidad","category-destacadas","tag-bowen","tag-concejo-deliberante","tag-general-alvear","tag-hospital","tag-mendoza","tag-ucr","tag-union-civica-radical"],"_links":{"self":[{"href":"https:\/\/vinasfm.com\/noticias\/wp-json\/wp\/v2\/posts\/83239","targetHints":{"allow":["GET"]}}],"collection":[{"href":"https:\/\/vinasfm.com\/noticias\/wp-json\/wp\/v2\/posts"}],"about":[{"href":"https:\/\/vinasfm.com\/noticias\/wp-json\/wp\/v2\/types\/post"}],"author":[{"embeddable":true,"href":"https:\/\/vinasfm.com\/noticias\/wp-json\/wp\/v2\/users\/7"}],"replies":[{"embeddable":true,"href":"https:\/\/vinasfm.com\/noticias\/wp-json\/wp\/v2\/comments?post=83239"}],"version-history":[{"count":5,"href":"https:\/\/vinasfm.com\/noticias\/wp-json\/wp\/v2\/posts\/83239\/revisions"}],"predecessor-version":[{"id":83281,"href":"https:\/\/vinasfm.com\/noticias\/wp-json\/wp\/v2\/posts\/83239\/revisions\/83281"}],"wp:featuredmedia":[{"embeddable":true,"href":"https:\/\/vinasfm.com\/noticias\/wp-json\/wp\/v2\/media\/10979"}],"wp:attachment":[{"href":"https:\/\/vinasfm.com\/noticias\/wp-json\/wp\/v2\/media?parent=83239"}],"wp:term":[{"taxonomy":"category","embeddable":true,"href":"https:\/\/vinasfm.com\/noticias\/wp-json\/wp\/v2\/categories?post=83239"},{"taxonomy":"post_tag","embeddable":true,"href":"https:\/\/vinasfm.com\/noticias\/wp-json\/wp\/v2\/tags?post=83239"}],"curies":[{"name":"wp","href":"https:\/\/api.w.org\/{rel}","templated":true}]}}