{"id":83218,"date":"2021-01-02T23:04:29","date_gmt":"2021-01-03T02:04:29","guid":{"rendered":"http:\/\/vinasfm.com\/noticias\/?p=83218"},"modified":"2021-01-04T12:28:44","modified_gmt":"2021-01-04T15:28:44","slug":"aaron-emanuel-el-primer-bebe-del-2021-en-general-alvear","status":"publish","type":"post","link":"https:\/\/vinasfm.com\/noticias\/aaron-emanuel-el-primer-bebe-del-2021-en-general-alvear\/","title":{"rendered":"AARON EMANUEL, EL PRIMER BEB\u00c9 DEL 2021 EN GENERAL ALVEAR"},"content":{"rendered":"<h4><span style=\"color: #000000;\">Pasadas dos horas y 38 minutos del 2021 naci\u00f3 el primer alvearense de este a\u00f1o. Se trata de Aaron Emanuel, quien pes\u00f3 3,100 kg y est\u00e1 en perfecto estado de salud. Su madre, quien tambi\u00e9n pas\u00f3 el partos sin problemas, es de Bowen, tiene 19 a\u00f1os y fue coronada Reina Departamental de la Tradici\u00f3n.<\/span><\/h4>\n<p><span style=\"color: #000000;\">Tan solos diez minutos hab\u00edan pasado del a\u00f1o que est\u00e1 empezando, cuando Celeste Espinosa lleg\u00f3 al Centro de Salud de Bowen para comenzar con el trabajo de parto. Dos horas y unos minutos m\u00e1s tarde, en el Hospital Enfermeros Argentinos de General Alvear, la joven de 19 a\u00f1os dio a luz a <strong>Aaron Emanuel<\/strong>, quien adem\u00e1s de ser su primog\u00e9nito, fue el primer alvearense del 2021.<\/span><\/p>\n<p><span style=\"color: #000000;\">Con un peso de 3,100 kilos, el peque\u00f1o bowense atraves\u00f3 el parto sin inconvenientes para estar en brazos de su madre poco tiempo despu\u00e9s del nacimiento. La joven tampoco tuvo inconvenientes y est\u00e1 en perfecto estado de salud junto con su peque\u00f1o hijo.<a style=\"color: #000000;\" href=\"http:\/\/vinasfm.com\/noticias\/wp-content\/uploads\/2021\/01\/Mama-Primer-bebe-2021.jpeg\"><img loading=\"lazy\" decoding=\"async\" class=\" wp-image-83224 aligncenter\" src=\"http:\/\/vinasfm.com\/noticias\/wp-content\/uploads\/2021\/01\/Mama-Primer-bebe-2021-300x169.jpeg\" alt=\"\" width=\"460\" height=\"259\" srcset=\"https:\/\/vinasfm.com\/noticias\/wp-content\/uploads\/2021\/01\/Mama-Primer-bebe-2021-300x169.jpeg 300w, https:\/\/vinasfm.com\/noticias\/wp-content\/uploads\/2021\/01\/Mama-Primer-bebe-2021.jpeg 720w\" sizes=\"auto, (max-width: 460px) 100vw, 460px\" \/><\/a><\/span><\/p>\n<p><span style=\"color: #000000;\">Celeste, mam\u00e1 de Aaron, es la Embajadora del Festival de la Tradici\u00f3n 2019 y Reina vigente, ya que en 2020 este encuentro no se pudo llevar a cabo. Adem\u00e1s, la joven bowense es egresada la Escuela Jos\u00e9 Hern\u00e1ndez del distrito del Este, y recibi\u00f3 las felicitaciones del colegio.<\/span><\/p>\n","protected":false},"excerpt":{"rendered":"<p>Pasadas dos horas y 38 minutos del 2021 naci\u00f3 el primer alvearense de este a\u00f1o. Se trata de Aaron Emanuel, quien &#8230;<\/p>\n","protected":false},"author":7,"featured_media":83225,"comment_status":"open","ping_status":"open","sticky":false,"template":"","format":"standard","meta":{"footnotes":""},"categories":[5,15],"tags":[117,109,115,112],"class_list":["post-83218","post","type-post","status-publish","format-standard","has-post-thumbnail","hentry","category-actualidad","category-salud","tag-117","tag-bowen","tag-general-alvear","tag-hospital"],"_links":{"self":[{"href":"https:\/\/vinasfm.com\/noticias\/wp-json\/wp\/v2\/posts\/83218","targetHints":{"allow":["GET"]}}],"collection":[{"href":"https:\/\/vinasfm.com\/noticias\/wp-json\/wp\/v2\/posts"}],"about":[{"href":"https:\/\/vinasfm.com\/noticias\/wp-json\/wp\/v2\/types\/post"}],"author":[{"embeddable":true,"href":"https:\/\/vinasfm.com\/noticias\/wp-json\/wp\/v2\/users\/7"}],"replies":[{"embeddable":true,"href":"https:\/\/vinasfm.com\/noticias\/wp-json\/wp\/v2\/comments?post=83218"}],"version-history":[{"count":3,"href":"https:\/\/vinasfm.com\/noticias\/wp-json\/wp\/v2\/posts\/83218\/revisions"}],"predecessor-version":[{"id":83232,"href":"https:\/\/vinasfm.com\/noticias\/wp-json\/wp\/v2\/posts\/83218\/revisions\/83232"}],"wp:featuredmedia":[{"embeddable":true,"href":"https:\/\/vinasfm.com\/noticias\/wp-json\/wp\/v2\/media\/83225"}],"wp:attachment":[{"href":"https:\/\/vinasfm.com\/noticias\/wp-json\/wp\/v2\/media?parent=83218"}],"wp:term":[{"taxonomy":"category","embeddable":true,"href":"https:\/\/vinasfm.com\/noticias\/wp-json\/wp\/v2\/categories?post=83218"},{"taxonomy":"post_tag","embeddable":true,"href":"https:\/\/vinasfm.com\/noticias\/wp-json\/wp\/v2\/tags?post=83218"}],"curies":[{"name":"wp","href":"https:\/\/api.w.org\/{rel}","templated":true}]}}