{"id":83176,"date":"2020-12-01T22:17:20","date_gmt":"2020-12-02T01:17:20","guid":{"rendered":"http:\/\/vinasfm.com\/noticias\/?p=83176"},"modified":"2021-01-04T08:54:06","modified_gmt":"2021-01-04T11:54:06","slug":"a-mano-armada-asaltaron-un-comercio-a-plena-luz-del-dia","status":"publish","type":"post","link":"https:\/\/vinasfm.com\/noticias\/a-mano-armada-asaltaron-un-comercio-a-plena-luz-del-dia\/","title":{"rendered":"A MANO ARMADA, UN MOTOCHORRO ASALT\u00d3 UN COMERCIO A PLENA LUZ DEL D\u00cdA"},"content":{"rendered":"<h4><span style=\"color: #000000;\"><strong>Alrededor de las 10:15h de este mi\u00e9rcoles, un delincuente asalt\u00f3 a mano armada un local comercial ubicado en calle Uspallata y Agust\u00edn \u00c1lvarez de Ciudad apoder\u00e1ndose de dinero en efectivo y un tel\u00e9fono celular.<\/strong><\/span><\/h4>\n<p><span style=\"color: #000000;\">El delincuente ingres\u00f3 con el casco puesto\u00a0<strong>esgrimiendo un arma de fuego<\/strong> con la que la amedrent\u00f3 a la propietaria y a la empleada<strong> exigi\u00e9ndoles que se arrojaran al suelo mientras se apropiaba de la recaudaci\u00f3n de la caja<\/strong> (<strong><em>$15 mil aproximadamente<\/em><\/strong>) y un <strong>celular marca Motorola G7 Play color azul<\/strong>.<\/span><\/p>\n<div id=\"attachment_83189\" style=\"width: 300px\" class=\"wp-caption alignleft\"><a href=\"http:\/\/vinasfm.com\/noticias\/wp-content\/uploads\/2020\/12\/FB_IMG_1609405723920.jpg\"><img loading=\"lazy\" decoding=\"async\" aria-describedby=\"caption-attachment-83189\" class=\"size-medium wp-image-83189\" src=\"http:\/\/vinasfm.com\/noticias\/wp-content\/uploads\/2020\/12\/FB_IMG_1609405723920-300x244.jpg\" alt=\"\" width=\"300\" height=\"244\" srcset=\"https:\/\/vinasfm.com\/noticias\/wp-content\/uploads\/2020\/12\/FB_IMG_1609405723920-300x244.jpg 300w, https:\/\/vinasfm.com\/noticias\/wp-content\/uploads\/2020\/12\/FB_IMG_1609405723920.jpg 720w\" sizes=\"auto, (max-width: 300px) 100vw, 300px\" \/><\/a><p id=\"caption-attachment-83189\" class=\"wp-caption-text\">Testimonio de la v\u00edctima en redes sociales.<\/p><\/div>\n<p><span style=\"color: #000000;\">Luego de su cometido, el asaltante (<em>de tez trigue\u00f1a, que vest\u00eda buzo negro y tenia puesto un casco de color rojo)<\/em>\u00a0<strong>se dio a la fuga sobre una moto<\/strong> de la que no se pudo aportar caracter\u00edsticas.<\/span><\/p>\n<p><span style=\"color: #000000;\">Al dar aviso al 911, el CEO moviliz\u00f3 a personal policial quienes desplegaron un operativo de rastrillaje para dar con el autor del delito aunque con resultado negativo.<\/span><\/p>\n<p><span style=\"color: #000000;\">Desde Comisar\u00eda 14\u00b0 adelantaron que por instrucci\u00f3n de la Unidad Fiscal\u00a0<strong>se realizaron dos medidas de allanamiento<\/strong> ya que por las caracter\u00edsticas aportadas en la denuncia el motochorro estar\u00eda identificado.<\/span><\/p>\n<h5><span style=\"color: #000000;\">\u2022F.B. (F.M. Vi\u00f1as).<\/span><\/h5>\n","protected":false},"excerpt":{"rendered":"<p>Alrededor de las 10:15h de este mi\u00e9rcoles, un delincuente asalt\u00f3 a mano armada un local comercial ubicado en calle Uspallata y &#8230;<\/p>\n","protected":false},"author":8,"featured_media":63435,"comment_status":"open","ping_status":"open","sticky":false,"template":"","format":"standard","meta":{"footnotes":""},"categories":[1],"tags":[],"class_list":["post-83176","post","type-post","status-publish","format-standard","has-post-thumbnail","hentry","category-fmvinas"],"_links":{"self":[{"href":"https:\/\/vinasfm.com\/noticias\/wp-json\/wp\/v2\/posts\/83176","targetHints":{"allow":["GET"]}}],"collection":[{"href":"https:\/\/vinasfm.com\/noticias\/wp-json\/wp\/v2\/posts"}],"about":[{"href":"https:\/\/vinasfm.com\/noticias\/wp-json\/wp\/v2\/types\/post"}],"author":[{"embeddable":true,"href":"https:\/\/vinasfm.com\/noticias\/wp-json\/wp\/v2\/users\/8"}],"replies":[{"embeddable":true,"href":"https:\/\/vinasfm.com\/noticias\/wp-json\/wp\/v2\/comments?post=83176"}],"version-history":[{"count":12,"href":"https:\/\/vinasfm.com\/noticias\/wp-json\/wp\/v2\/posts\/83176\/revisions"}],"predecessor-version":[{"id":83190,"href":"https:\/\/vinasfm.com\/noticias\/wp-json\/wp\/v2\/posts\/83176\/revisions\/83190"}],"wp:featuredmedia":[{"embeddable":true,"href":"https:\/\/vinasfm.com\/noticias\/wp-json\/wp\/v2\/media\/63435"}],"wp:attachment":[{"href":"https:\/\/vinasfm.com\/noticias\/wp-json\/wp\/v2\/media?parent=83176"}],"wp:term":[{"taxonomy":"category","embeddable":true,"href":"https:\/\/vinasfm.com\/noticias\/wp-json\/wp\/v2\/categories?post=83176"},{"taxonomy":"post_tag","embeddable":true,"href":"https:\/\/vinasfm.com\/noticias\/wp-json\/wp\/v2\/tags?post=83176"}],"curies":[{"name":"wp","href":"https:\/\/api.w.org\/{rel}","templated":true}]}}