{"id":83166,"date":"2020-12-31T06:24:41","date_gmt":"2020-12-31T09:24:41","guid":{"rendered":"http:\/\/vinasfm.com\/noticias\/?p=83166"},"modified":"2020-12-31T13:09:15","modified_gmt":"2020-12-31T16:09:15","slug":"temperaturas-agradables-en-el-fin-de-ano","status":"publish","type":"post","link":"https:\/\/vinasfm.com\/noticias\/temperaturas-agradables-en-el-fin-de-ano\/","title":{"rendered":"TEMPERATURAS AGRADABLES EN EL FIN DE A\u00d1O"},"content":{"rendered":"<p><span style=\"color: #000000;\">Seg\u00fan indica Contingencias Clim\u00e1ticas,\u00a0<strong>este 31 de diciembre se aguarda una jornada agradable con ascenso de la temperatura\u00a0<\/strong>y vientos leves del sector noreste.\u00a0La m\u00e1xima ser\u00eda de 33\u00ba.<\/span><\/p>\n<p><span style=\"color: #000000;\">Por su parte para el primer d\u00eda del a\u00f1o 2021 se espera un d\u00eda caluroso y algo nublado, vientos moderados del noreste e inestable hac\u00eda la noche con tormentas aisladas. M\u00e1xima: 36\u00baC M\u00ednima: 21\u00baC.<\/span><\/p>\n<p><span style=\"color: #000000;\">El s\u00e1bado se presentar\u00eda con \u201cnubosidad variable con lluvias y tormentas, descenso de la temperatura, vientos moderados del sudeste y precipitaciones en cordillera\u201d. \u00a0M\u00e1xima: 26\u00baC M\u00ednima: 22\u00baC.<\/span><\/p>\n<h5><strong><em>A.C.<\/em><\/strong><\/h5>\n","protected":false},"excerpt":{"rendered":"<p>Seg\u00fan indica Contingencias Clim\u00e1ticas,\u00a0este 31 de diciembre se aguarda una jornada agradable con ascenso de la temperatura\u00a0y vientos leves del sector &#8230;<\/p>\n","protected":false},"author":7,"featured_media":29397,"comment_status":"open","ping_status":"open","sticky":false,"template":"","format":"standard","meta":{"footnotes":""},"categories":[5,36],"tags":[],"class_list":["post-83166","post","type-post","status-publish","format-standard","has-post-thumbnail","hentry","category-actualidad","category-pronostico"],"_links":{"self":[{"href":"https:\/\/vinasfm.com\/noticias\/wp-json\/wp\/v2\/posts\/83166","targetHints":{"allow":["GET"]}}],"collection":[{"href":"https:\/\/vinasfm.com\/noticias\/wp-json\/wp\/v2\/posts"}],"about":[{"href":"https:\/\/vinasfm.com\/noticias\/wp-json\/wp\/v2\/types\/post"}],"author":[{"embeddable":true,"href":"https:\/\/vinasfm.com\/noticias\/wp-json\/wp\/v2\/users\/7"}],"replies":[{"embeddable":true,"href":"https:\/\/vinasfm.com\/noticias\/wp-json\/wp\/v2\/comments?post=83166"}],"version-history":[{"count":1,"href":"https:\/\/vinasfm.com\/noticias\/wp-json\/wp\/v2\/posts\/83166\/revisions"}],"predecessor-version":[{"id":83167,"href":"https:\/\/vinasfm.com\/noticias\/wp-json\/wp\/v2\/posts\/83166\/revisions\/83167"}],"wp:featuredmedia":[{"embeddable":true,"href":"https:\/\/vinasfm.com\/noticias\/wp-json\/wp\/v2\/media\/29397"}],"wp:attachment":[{"href":"https:\/\/vinasfm.com\/noticias\/wp-json\/wp\/v2\/media?parent=83166"}],"wp:term":[{"taxonomy":"category","embeddable":true,"href":"https:\/\/vinasfm.com\/noticias\/wp-json\/wp\/v2\/categories?post=83166"},{"taxonomy":"post_tag","embeddable":true,"href":"https:\/\/vinasfm.com\/noticias\/wp-json\/wp\/v2\/tags?post=83166"}],"curies":[{"name":"wp","href":"https:\/\/api.w.org\/{rel}","templated":true}]}}