{"id":83159,"date":"2020-12-31T08:06:26","date_gmt":"2020-12-31T11:06:26","guid":{"rendered":"http:\/\/vinasfm.com\/noticias\/?p=83159"},"modified":"2020-12-31T13:08:50","modified_gmt":"2020-12-31T16:08:50","slug":"mendoza-supero-los-44-000-recuperados-de-covid","status":"publish","type":"post","link":"https:\/\/vinasfm.com\/noticias\/mendoza-supero-los-44-000-recuperados-de-covid\/","title":{"rendered":"MENDOZA SUPER\u00d3 LOS 44.000 RECUPERADOS DE COVID"},"content":{"rendered":"<h4><span style=\"color: #000000;\"><strong>Este mi\u00e9rcoles previo al fin de a\u00f1o se registraron\u00a0149 nuevos casos positivos\u00a0de coronavirus en Mendoza, una leve alza respecto a las marcas de las \u00faltimas jornadas. Adem\u00e1s, se notificaron 4 fallecimientos y la recuperaci\u00f3n de m\u00e1s de 500 pacientes.<\/strong><\/span><\/h4>\n<p><span style=\"color: #000000;\">El Gobierno de Mendoza, a trav\u00e9s del Ministerio de Salud, Desarrollo Social y Deportes informa las cantidades de pacientes positivos, recuperados y fallecidos por covid-19. Tambi\u00e9n se comunican las cantidades de PCR y Test Ant\u00edgenos realizados en las \u00faltimas 24 horas.\u00a0<\/span><\/p>\n<p><span style=\"color: #000000;\">Asimismo, la Red de Laboratorios del Ministerio de Salud, Desarrollo Social y Deportes de la Provincia inform\u00f3 que entre las \u00faltimas horas de ayer y hoy se procesaron 999 determinaciones:\u00a0<strong>850 fueron negativas y 149 nuevos casos positivos.<\/strong><\/span><\/p>\n<p><span style=\"color: #000000;\">En cuanto al n\u00famero de fallecidos, se reportaron 1 en las \u00faltimas 48 horas y 3 seg\u00fan la carga en SISA, reportados con fechas anteriores.<\/span><\/p>\n<p><span style=\"color: #000000;\">Por \u00faltimo, se informa la recuperaci\u00f3n de 532 pacientes con covid-19.<\/span><\/p>\n<p><strong><span style=\"color: #000000;\">La provincia de Mendoza registra al d\u00eda de hoy 57.390 casos positivos confirmados, 44.006 personas recuperadas y 1.250 fallecimientos por covid-19.<\/span><\/strong><\/p>\n<p><span style=\"color: #000000;\">Es importante recordar que el Ministerio de Salud de Mendoza informa sobre todos los pacientes que ingresan al sistema sanitario p\u00fablico y privado de la provincia. En los casos en que un mendocino da positivo en otras jurisdicciones nacionales -por estar estudiando en otra provincia, por vivir en otro lugar sin registrar el cambio de domicilio o por estar realizando un trabajo temporario-, no ser\u00e1 registrado como caso confirmado en Mendoza.<\/span><\/p>\n<h5><span style=\"color: #000000;\"><strong><em>A.C.<\/em><\/strong><\/span><\/h5>\n<p>&nbsp;<\/p>\n","protected":false},"excerpt":{"rendered":"<p>Este mi\u00e9rcoles previo al fin de a\u00f1o se registraron\u00a0149 nuevos casos positivos\u00a0de coronavirus en Mendoza, una leve alza respecto a las &#8230;<\/p>\n","protected":false},"author":7,"featured_media":77850,"comment_status":"open","ping_status":"open","sticky":false,"template":"","format":"standard","meta":{"footnotes":""},"categories":[5,62],"tags":[],"class_list":["post-83159","post","type-post","status-publish","format-standard","has-post-thumbnail","hentry","category-actualidad","category-coronavirus"],"_links":{"self":[{"href":"https:\/\/vinasfm.com\/noticias\/wp-json\/wp\/v2\/posts\/83159","targetHints":{"allow":["GET"]}}],"collection":[{"href":"https:\/\/vinasfm.com\/noticias\/wp-json\/wp\/v2\/posts"}],"about":[{"href":"https:\/\/vinasfm.com\/noticias\/wp-json\/wp\/v2\/types\/post"}],"author":[{"embeddable":true,"href":"https:\/\/vinasfm.com\/noticias\/wp-json\/wp\/v2\/users\/7"}],"replies":[{"embeddable":true,"href":"https:\/\/vinasfm.com\/noticias\/wp-json\/wp\/v2\/comments?post=83159"}],"version-history":[{"count":1,"href":"https:\/\/vinasfm.com\/noticias\/wp-json\/wp\/v2\/posts\/83159\/revisions"}],"predecessor-version":[{"id":83164,"href":"https:\/\/vinasfm.com\/noticias\/wp-json\/wp\/v2\/posts\/83159\/revisions\/83164"}],"wp:featuredmedia":[{"embeddable":true,"href":"https:\/\/vinasfm.com\/noticias\/wp-json\/wp\/v2\/media\/77850"}],"wp:attachment":[{"href":"https:\/\/vinasfm.com\/noticias\/wp-json\/wp\/v2\/media?parent=83159"}],"wp:term":[{"taxonomy":"category","embeddable":true,"href":"https:\/\/vinasfm.com\/noticias\/wp-json\/wp\/v2\/categories?post=83159"},{"taxonomy":"post_tag","embeddable":true,"href":"https:\/\/vinasfm.com\/noticias\/wp-json\/wp\/v2\/tags?post=83159"}],"curies":[{"name":"wp","href":"https:\/\/api.w.org\/{rel}","templated":true}]}}