{"id":83148,"date":"2020-12-31T23:00:44","date_gmt":"2021-01-01T02:00:44","guid":{"rendered":"http:\/\/vinasfm.com\/noticias\/?p=83148"},"modified":"2021-01-04T09:24:44","modified_gmt":"2021-01-04T12:24:44","slug":"el-sub-comisario-aseguro-que-habra-mayor-control-policial-en-los-festejos-de-ano-nuevo","status":"publish","type":"post","link":"https:\/\/vinasfm.com\/noticias\/el-sub-comisario-aseguro-que-habra-mayor-control-policial-en-los-festejos-de-ano-nuevo\/","title":{"rendered":"DESDE POLIC\u00cdA VIAL ASEGURARON QUE HABR\u00c1 MAYOR CONTROL POLICIAL EN LOS FESTEJOS DE A\u00d1O NUEVO"},"content":{"rendered":"<h4>Jos\u00e9 L\u00f3pez afirm\u00f3 que la Comisar\u00eda trabajar\u00e1 en conjunto con Cuerpos Especiales, Polic\u00eda Vial, Rural y Diversi\u00f3n Nocturna. Adem\u00e1s, declar\u00f3 que habr\u00e1 \u00abmayor presencia policial\u00bb, tanto para cancelar fiestas clandestinas,\u00a0al igual que para evitar irregularidades en los turistas que entren y salgan del departamento.<\/h4>\n<p>Despu\u00e9s del trabajo realizado para evitar las reuniones sociales ilegales en navidad (en las que interrumpieron varias de las fiestas no habilitadas que hubo), el Sub Comisario declar\u00f3: \u00abVa a haber mayor presencia policial, y vamos a hacer un trabajo en conjunto con las Comisar\u00edas, Cuerpos Especiales, Polic\u00eda Vial, Polic\u00eda Rural y personal de Diversi\u00f3n Nocturna\u00bb. Adem\u00e1s, agreg\u00f3 que destinar\u00e1n m\u00e1s personal a los operativos: \u00abSe va a hacer un refuerzo de guardias y ya est\u00e1 en conocimiento el juzgado de faltas\u00bb.<\/p>\n<p>En cuanto al trabajo en la calle, L\u00f3pez afirm\u00f3 que estar\u00e1n atentos al movimiento en rutas tanto el d\u00eda 31 como el primero de enero, y explic\u00f3:\u00a0\u00abEn la Polic\u00eda Vial se ha diagramado un operativo un poco m\u00e1s fuerte de lo que se hace el 24 y 25, ya que tenemos mucho ingreso de turismo ingresando y saliendo de la provincia. Todos los a\u00f1os pasa esto. Hicimos un trabajo en navidad y esperamos que se repita en a\u00f1o nuevo\u00bb.<\/p>\n<p>Por \u00faltimo, y a modo de recomendaci\u00f3n para quienes se trasladen en d\u00edas festivos, aconsej\u00f3: \u00abSi van a salir de viaje verifiquen las medidas de seguridad de los veh\u00edculos. Las luces, el botiqu\u00edn, el matafuego, la documentaci\u00f3n en orden y los cinturones de seguridad\u00bb. En cuanto a los controles contra el Covid-19, aclar\u00f3: \u00abSi van a otra provincia, verifiquen lo que tienen que llevar por la pandemia\u00bb.<\/p>\n<p>\u2022<strong>L.A.<\/strong><\/p>\n","protected":false},"excerpt":{"rendered":"<p>Jos\u00e9 L\u00f3pez afirm\u00f3 que la Comisar\u00eda trabajar\u00e1 en conjunto con Cuerpos Especiales, Polic\u00eda Vial, Rural y Diversi\u00f3n Nocturna. Adem\u00e1s, declar\u00f3 que &#8230;<\/p>\n","protected":false},"author":7,"featured_media":82993,"comment_status":"open","ping_status":"open","sticky":false,"template":"","format":"standard","meta":{"footnotes":""},"categories":[5,56],"tags":[],"class_list":["post-83148","post","type-post","status-publish","format-standard","has-post-thumbnail","hentry","category-actualidad","category-seguridad-vial"],"_links":{"self":[{"href":"https:\/\/vinasfm.com\/noticias\/wp-json\/wp\/v2\/posts\/83148","targetHints":{"allow":["GET"]}}],"collection":[{"href":"https:\/\/vinasfm.com\/noticias\/wp-json\/wp\/v2\/posts"}],"about":[{"href":"https:\/\/vinasfm.com\/noticias\/wp-json\/wp\/v2\/types\/post"}],"author":[{"embeddable":true,"href":"https:\/\/vinasfm.com\/noticias\/wp-json\/wp\/v2\/users\/7"}],"replies":[{"embeddable":true,"href":"https:\/\/vinasfm.com\/noticias\/wp-json\/wp\/v2\/comments?post=83148"}],"version-history":[{"count":2,"href":"https:\/\/vinasfm.com\/noticias\/wp-json\/wp\/v2\/posts\/83148\/revisions"}],"predecessor-version":[{"id":83150,"href":"https:\/\/vinasfm.com\/noticias\/wp-json\/wp\/v2\/posts\/83148\/revisions\/83150"}],"wp:featuredmedia":[{"embeddable":true,"href":"https:\/\/vinasfm.com\/noticias\/wp-json\/wp\/v2\/media\/82993"}],"wp:attachment":[{"href":"https:\/\/vinasfm.com\/noticias\/wp-json\/wp\/v2\/media?parent=83148"}],"wp:term":[{"taxonomy":"category","embeddable":true,"href":"https:\/\/vinasfm.com\/noticias\/wp-json\/wp\/v2\/categories?post=83148"},{"taxonomy":"post_tag","embeddable":true,"href":"https:\/\/vinasfm.com\/noticias\/wp-json\/wp\/v2\/tags?post=83148"}],"curies":[{"name":"wp","href":"https:\/\/api.w.org\/{rel}","templated":true}]}}