{"id":83054,"date":"2020-12-30T09:18:42","date_gmt":"2020-12-30T12:18:42","guid":{"rendered":"http:\/\/vinasfm.com\/noticias\/?p=83054"},"modified":"2020-12-30T10:29:34","modified_gmt":"2020-12-30T13:29:34","slug":"agenda-2021-gestion-ambiental-impulsa-el-cultivo-de-cortinas-forestales","status":"publish","type":"post","link":"https:\/\/vinasfm.com\/noticias\/agenda-2021-gestion-ambiental-impulsa-el-cultivo-de-cortinas-forestales\/","title":{"rendered":"AGENDA 2021: GESTI\u00d3N AMBIENTAL IMPULSA EL CULTIVO DE CORTINAS FORESTALES"},"content":{"rendered":"<h4><span style=\"color: #000000;\"><strong>Desde la Direcci\u00f3n de Gesti\u00f3n Ambiental ya diagraman un nuevo plan forestal para la zona del agro a desarrollarse en 2021. Carlos P\u00eda hizo \u00e9nfasis en la importancia de las cortinas forestales y los proyectos de la Municipalidad para aumentar la cantidad de las mismas en el departamento.<\/strong><\/span><\/h4>\n<p><span style=\"color: #000000;\">En dialogo con <strong>F.M. Vi\u00f1as<\/strong>, <strong>Carlos P\u00eda<\/strong> reflej\u00f3 que anualmente en conjunto con el Vivero Municipal de recursos naturales renovables <strong>se plantan 2.000 \u00e1rboles<\/strong> en el radio urbano por convenio. Para la zona de fincas, \u201c<strong><em>hemos encarado un desaf\u00edo que es el de generar cortinas forestales para la agricultura<\/em><\/strong>\u201d. <\/span><\/p>\n<p><span style=\"color: #000000;\">Desde hace un par de a\u00f1os se vienen entregando estacas de \u00e1lamo provenientes del vivero de recursos naturales de Malarg\u00fce, variedad Conti 12, \u201c<strong><em>este a\u00f1o entregamos unas 34 mil estacas con un alto \u00edndice de brotaci\u00f3n<\/em><\/strong>\u201d, se\u00f1al\u00f3.<\/span><\/p>\n<p><span style=\"color: #000000;\">Sumado a esto, a diferentes viveristas del departamento se les ha comenzado a entregar una nueva variedad tra\u00edda desde el INTA de Campana (Buenos Aires), conocida como \u00c1lamo Deltoides, \u201cmucho m\u00e1s resistente a la cancrosis\u201d. <\/span><\/p>\n<p><span style=\"color: #000000;\">\u201c<strong><em>Queremos difundirlo por la zona y por eso hemos entregado este a\u00f1o 500 plantas enraizadas<\/em><\/strong>\u201d, agreg\u00f3 P\u00eda. Pensando a futuro, tambi\u00e9n explic\u00f3 un nuevo plan con el que planean empezar a trabajar con los productores agr\u00edcolas en 20201. \u201c<strong><em>En tercer lugar, hay un proyecto ambicioso que tiene que ver con la casuarina. Hay 5000 plantas, de mas de 10-15 cent\u00edmetros, para entreg\u00e1rselas el a\u00f1o que viene a los viveristas<\/em><\/strong>\u201d, explic\u00f3 sobre el trabajo que se est\u00e1 llevando a cabo, por el momento, en un vivero provincial en Malarg\u00fbe.<\/span><\/p>\n<p><span style=\"color: #000000;\">En cuanto a la importancia de las cortinas forestales, Carlos P\u00eda explic\u00f3 que, adem\u00e1s del positivo impacto en el medioambiente, estos cultivos son importantes para \u201c<strong><em>la protecci\u00f3n de heladas y de los vientos. No son lo \u00fanico pero brindan una ayuda importante<\/em><\/strong>\u201d.<\/span><\/p>\n<h4><span style=\"color: #000000;\"><strong>Medios de contacto:<\/strong> <\/span><\/h4>\n<ul>\n<li><span style=\"color: #000000;\">Tel\u00e9fono: 427611.<\/span><\/li>\n<li><span style=\"color: #000000;\">Mail: gestionambiental@alvearmendoza.gob.ar <\/span><\/li>\n<li><span style=\"color: #000000;\">Direcci\u00f3n: Esquina Roca y Paso de Los Andes.<\/span><\/li>\n<\/ul>\n<h5><span style=\"color: #000000;\">\u2022L.A.<\/span><\/h5>\n","protected":false},"excerpt":{"rendered":"<p>Desde la Direcci\u00f3n de Gesti\u00f3n Ambiental ya diagraman un nuevo plan forestal para la zona del agro a desarrollarse en 2021. &#8230;<\/p>\n","protected":false},"author":8,"featured_media":10510,"comment_status":"open","ping_status":"open","sticky":false,"template":"","format":"standard","meta":{"footnotes":""},"categories":[5,34],"tags":[],"class_list":["post-83054","post","type-post","status-publish","format-standard","has-post-thumbnail","hentry","category-actualidad","category-medio-ambiente"],"_links":{"self":[{"href":"https:\/\/vinasfm.com\/noticias\/wp-json\/wp\/v2\/posts\/83054","targetHints":{"allow":["GET"]}}],"collection":[{"href":"https:\/\/vinasfm.com\/noticias\/wp-json\/wp\/v2\/posts"}],"about":[{"href":"https:\/\/vinasfm.com\/noticias\/wp-json\/wp\/v2\/types\/post"}],"author":[{"embeddable":true,"href":"https:\/\/vinasfm.com\/noticias\/wp-json\/wp\/v2\/users\/8"}],"replies":[{"embeddable":true,"href":"https:\/\/vinasfm.com\/noticias\/wp-json\/wp\/v2\/comments?post=83054"}],"version-history":[{"count":3,"href":"https:\/\/vinasfm.com\/noticias\/wp-json\/wp\/v2\/posts\/83054\/revisions"}],"predecessor-version":[{"id":83059,"href":"https:\/\/vinasfm.com\/noticias\/wp-json\/wp\/v2\/posts\/83054\/revisions\/83059"}],"wp:featuredmedia":[{"embeddable":true,"href":"https:\/\/vinasfm.com\/noticias\/wp-json\/wp\/v2\/media\/10510"}],"wp:attachment":[{"href":"https:\/\/vinasfm.com\/noticias\/wp-json\/wp\/v2\/media?parent=83054"}],"wp:term":[{"taxonomy":"category","embeddable":true,"href":"https:\/\/vinasfm.com\/noticias\/wp-json\/wp\/v2\/categories?post=83054"},{"taxonomy":"post_tag","embeddable":true,"href":"https:\/\/vinasfm.com\/noticias\/wp-json\/wp\/v2\/tags?post=83054"}],"curies":[{"name":"wp","href":"https:\/\/api.w.org\/{rel}","templated":true}]}}