{"id":83021,"date":"2020-12-29T01:39:26","date_gmt":"2020-12-29T04:39:26","guid":{"rendered":"http:\/\/vinasfm.com\/noticias\/?p=83021"},"modified":"2020-12-29T12:49:29","modified_gmt":"2020-12-29T15:49:29","slug":"cecsagal-realizo-tareas-de-reparacion-y-asistencia-durante-la-tormenta","status":"publish","type":"post","link":"https:\/\/vinasfm.com\/noticias\/cecsagal-realizo-tareas-de-reparacion-y-asistencia-durante-la-tormenta\/","title":{"rendered":"CECSAGAL REALIZ\u00d3 TAREAS DE REPARACI\u00d3N Y ASISTENCIA DURANTE LA TORMENTA"},"content":{"rendered":"<h4><span style=\"color: #000000;\"><strong>Durante el fin de semana se registraron tormentas de diferente magnitud. En cada caso, la Cooperativa trabaj\u00f3 a trav\u00e9s de sus diferentes \u00e1reas.<\/strong><\/span><\/h4>\n<p><span style=\"color: #000000;\">Este fin de semana tuvimos en la regi\u00f3n tormentas de variada intensidad, lo que provoc\u00f3 que algunas zonas se vieran afectadas y se produjeran cortes de energ\u00eda el\u00e9ctrica, fue el caso de la zona industrial, incluido Alvear Oeste en la zona de La Marzolina donde se produjeron algunas salidas del alimentador, El Ceibo y Los Compartos, otro punto fue la zona sur oeste de la Ciudad que abarca la Avenida Libertador Norte, en este sector la falla se produjo por una descarga atmosf\u00e9rica provocando un corte de aproximadamente un minuto.<\/span><\/p>\n<p><span style=\"color: #000000;\">El <strong>Jefe de Operaciones El\u00e9ctricas Mauricio Iboldi<\/strong> destac\u00f3 que a pesar de la ferocidad de la tormenta no se produjeron da\u00f1os considerables: \u201c<strong><em>Hoy estamos haciendo algunas reparaciones en calle 9 y J, donde qued\u00f3 un seccionador da\u00f1ado y lo estamos cambiando, pero el resto est\u00e1 bien, pese a la molestia que genera estar sin energ\u00eda<\/em><\/strong>\u201d.<\/span><\/p>\n<p><span style=\"color: #000000;\">Debido a los cortes puntuales de energ\u00eda el\u00e9ctrica, tambi\u00e9n se vio afectado el servicio de Internet en algunos sectores, por ello el personal del Sector de Internet estuvo trabajando para su reparaci\u00f3n.<\/span><\/p>\n<p><span style=\"color: #000000;\">Cabe destacar que todo el personal estuvo abocado a las tareas de reparaci\u00f3n y atenci\u00f3n de reclamos, la Cooperativa cuenta con dos l\u00edneas para atenci\u00f3n de reclamos: 423079 y 0800 266 4239.<\/span><\/p>\n<h5><span style=\"color: #000000;\">\u2022F.B.<\/span><\/h5>\n","protected":false},"excerpt":{"rendered":"<p>Durante el fin de semana se registraron tormentas de diferente magnitud. En cada caso, la Cooperativa trabaj\u00f3 a trav\u00e9s de sus &#8230;<\/p>\n","protected":false},"author":8,"featured_media":83022,"comment_status":"open","ping_status":"open","sticky":false,"template":"","format":"standard","meta":{"footnotes":""},"categories":[5,60],"tags":[],"class_list":["post-83021","post","type-post","status-publish","format-standard","has-post-thumbnail","hentry","category-actualidad","category-cecsagal"],"_links":{"self":[{"href":"https:\/\/vinasfm.com\/noticias\/wp-json\/wp\/v2\/posts\/83021","targetHints":{"allow":["GET"]}}],"collection":[{"href":"https:\/\/vinasfm.com\/noticias\/wp-json\/wp\/v2\/posts"}],"about":[{"href":"https:\/\/vinasfm.com\/noticias\/wp-json\/wp\/v2\/types\/post"}],"author":[{"embeddable":true,"href":"https:\/\/vinasfm.com\/noticias\/wp-json\/wp\/v2\/users\/8"}],"replies":[{"embeddable":true,"href":"https:\/\/vinasfm.com\/noticias\/wp-json\/wp\/v2\/comments?post=83021"}],"version-history":[{"count":2,"href":"https:\/\/vinasfm.com\/noticias\/wp-json\/wp\/v2\/posts\/83021\/revisions"}],"predecessor-version":[{"id":83024,"href":"https:\/\/vinasfm.com\/noticias\/wp-json\/wp\/v2\/posts\/83021\/revisions\/83024"}],"wp:featuredmedia":[{"embeddable":true,"href":"https:\/\/vinasfm.com\/noticias\/wp-json\/wp\/v2\/media\/83022"}],"wp:attachment":[{"href":"https:\/\/vinasfm.com\/noticias\/wp-json\/wp\/v2\/media?parent=83021"}],"wp:term":[{"taxonomy":"category","embeddable":true,"href":"https:\/\/vinasfm.com\/noticias\/wp-json\/wp\/v2\/categories?post=83021"},{"taxonomy":"post_tag","embeddable":true,"href":"https:\/\/vinasfm.com\/noticias\/wp-json\/wp\/v2\/tags?post=83021"}],"curies":[{"name":"wp","href":"https:\/\/api.w.org\/{rel}","templated":true}]}}