{"id":82849,"date":"2020-12-23T19:57:08","date_gmt":"2020-12-23T22:57:08","guid":{"rendered":"http:\/\/vinasfm.com\/noticias\/?p=82849"},"modified":"2020-12-24T10:33:44","modified_gmt":"2020-12-24T13:33:44","slug":"operativo-integral-se-intensificaran-los-controles-por-las-fiestas-de-fin-de-ano","status":"publish","type":"post","link":"https:\/\/vinasfm.com\/noticias\/operativo-integral-se-intensificaran-los-controles-por-las-fiestas-de-fin-de-ano\/","title":{"rendered":"OPERATIVO INTEGRAL: SE INTENSIFICAR\u00c1N LOS CONTROLES POR LAS FIESTAS DE FIN DE A\u00d1O"},"content":{"rendered":"<h4><span style=\"color: #000000;\"><b>Desde este mi\u00e9rcoles 23 hasta el domingo 27 de diciembre, la Jefatura Departamental de Polic\u00eda intensificar\u00e1 los controles y acciones preventivas en distintos puntos de General Alvear a fin de evitar accidentes y desactivar la celebraci\u00f3n de fiestas clandestinas, que en las \u00faltimas semanas han proliferado tanto en Ciudad como en Distritos.<\/b><\/span><\/h4>\n<p><span style=\"color: #000000;\"><span style=\"color: #000000;\">En di\u00e1logo con <\/span><strong>F.M. VI\u00d1AS<\/strong><span style=\"color: #000000;\">, el <\/span><strong>Sub Comisario Jos\u00e9 Gonz\u00e1lez<\/strong><span style=\"color: #000000;\"> se\u00f1al\u00f3 que &#8216;<\/span><em><b>se han incrementado las maniobras operativas en la jurisdicci\u00f3n de la Departamental que incluye Ciudad, Bowen, Carmensa, Oeste, Jaime Prats, Monte Com\u00e1n, Real del Padre y Villa Atuel por eso este mi\u00e9rcoles nos reunimos con Polic\u00eda Vial, Polic\u00eda de <\/b><span style=\"color: #000000;\"><b>Tr\u00e1nsito<\/b><\/span><b> Municipal y gente del Municipio para trazar las acciones durante estos d\u00edas<\/b><\/em><span style=\"color: #000000;\">&#8216;.<\/span><\/span><\/p>\n<p><span style=\"color: #000000;\">Asimismo, indic\u00f3 que habr\u00e1n controles &#8216;<strong><em>reforzados<\/em><\/strong>&#8216; de veh\u00edculos y personas en los ingresos a la provincia por <strong>Ruta 143 Sur<\/strong> y <strong>Ruta 188<\/strong> al igual que los limites interdepartamentales y arterias que conectan la Ciudad con distritos: &#8216;<strong><em>En este refuerzo de guardia estar\u00e1n afectados todos los efectivos de cada dependencia que obedecen a la Jefatura Departamental<\/em><\/strong>&#8216;.\u00a0<\/span><\/p>\n<p><span style=\"color: #000000;\">Al ser consultado sobre la prevenci\u00f3n o, en su defecto, desarticulaci\u00f3n de las fiestas clandestinas, Gonz\u00e1lez asever\u00f3: &#8216;<strong><em>Estamos haciendo un trabajo previo conjuntamente con personal de Diversi\u00f3n Nocturna y habr\u00e1 gente de Cuerpos Especiales y de Unidad Investigativa afectados en ese tipo de controles<\/em><\/strong>&#8216;. En la misma l\u00ednea subray\u00f3 que &#8216;<strong><em>no hay permisos otorgados a fiestas n\u00f3mades aunque eso se determina a nivel provincial. No hay ninguna normativa que indique la posibilidad de eventos con bailes<\/em><\/strong>&#8216;.<\/span><\/p>\n<p><span style=\"color: #000000;\">Destac\u00f3 el trabajo mancomunado con la Direcci\u00f3n de Familia, la Coordinaci\u00f3n de Prevenci\u00f3n de Adicciones e Inspecci\u00f3n General en el marco de la campa\u00f1a de control de venta y consumo de alcohol: &#8216;<strong><em>Estar\u00e1n los inspectores trabajando para verificar los comercios y lugares de expendio de bebidas de alcohol en cuanto a la prohibici\u00f3n de venta a menores y horarios de cierre<\/em><\/strong>&#8216;, explic\u00f3.<\/span><\/p>\n<p><span style=\"color: #000000;\">Finalmente apel\u00f3 a la conciencia de los vecinos en los cuidados a tener en cuenta en las fiestas a fin de evitar sanciones o en el peor de los casos siniestros viales que ocasionen hechos fatales.<\/span><\/p>\n<h5><span style=\"color: #000000;\">\u2022F.B. (F.M. Vi\u00f1as).\u00a0\u00a0<\/span><\/h5>\n","protected":false},"excerpt":{"rendered":"<p>Desde este mi\u00e9rcoles 23 hasta el domingo 27 de diciembre, la Jefatura Departamental de Polic\u00eda intensificar\u00e1 los controles y acciones preventivas &#8230;<\/p>\n","protected":false},"author":8,"featured_media":5624,"comment_status":"open","ping_status":"open","sticky":false,"template":"","format":"standard","meta":{"footnotes":""},"categories":[5,4],"tags":[],"class_list":["post-82849","post","type-post","status-publish","format-standard","has-post-thumbnail","hentry","category-actualidad","category-policiales"],"_links":{"self":[{"href":"https:\/\/vinasfm.com\/noticias\/wp-json\/wp\/v2\/posts\/82849","targetHints":{"allow":["GET"]}}],"collection":[{"href":"https:\/\/vinasfm.com\/noticias\/wp-json\/wp\/v2\/posts"}],"about":[{"href":"https:\/\/vinasfm.com\/noticias\/wp-json\/wp\/v2\/types\/post"}],"author":[{"embeddable":true,"href":"https:\/\/vinasfm.com\/noticias\/wp-json\/wp\/v2\/users\/8"}],"replies":[{"embeddable":true,"href":"https:\/\/vinasfm.com\/noticias\/wp-json\/wp\/v2\/comments?post=82849"}],"version-history":[{"count":4,"href":"https:\/\/vinasfm.com\/noticias\/wp-json\/wp\/v2\/posts\/82849\/revisions"}],"predecessor-version":[{"id":82891,"href":"https:\/\/vinasfm.com\/noticias\/wp-json\/wp\/v2\/posts\/82849\/revisions\/82891"}],"wp:featuredmedia":[{"embeddable":true,"href":"https:\/\/vinasfm.com\/noticias\/wp-json\/wp\/v2\/media\/5624"}],"wp:attachment":[{"href":"https:\/\/vinasfm.com\/noticias\/wp-json\/wp\/v2\/media?parent=82849"}],"wp:term":[{"taxonomy":"category","embeddable":true,"href":"https:\/\/vinasfm.com\/noticias\/wp-json\/wp\/v2\/categories?post=82849"},{"taxonomy":"post_tag","embeddable":true,"href":"https:\/\/vinasfm.com\/noticias\/wp-json\/wp\/v2\/tags?post=82849"}],"curies":[{"name":"wp","href":"https:\/\/api.w.org\/{rel}","templated":true}]}}