{"id":82737,"date":"2020-12-22T07:15:13","date_gmt":"2020-12-22T10:15:13","guid":{"rendered":"http:\/\/vinasfm.com\/noticias\/?p=82737"},"modified":"2020-12-23T10:12:10","modified_gmt":"2020-12-23T13:12:10","slug":"mendoza-activa-firmo-contratos-con-12-empresas-locales-por-25-millones","status":"publish","type":"post","link":"https:\/\/vinasfm.com\/noticias\/mendoza-activa-firmo-contratos-con-12-empresas-locales-por-25-millones\/","title":{"rendered":"MENDOZA ACTIVA FIRM\u00d3 CONTRATOS CON 12 EMPRESAS LOCALES POR $25 MILLONES"},"content":{"rendered":"<h4><span style=\"color: #000000;\"><strong>En la ma\u00f1ana de este lunes, en la sala de intendencia de la Municipalidad doce empresas locales firmaron el contrato de Mendoza Activa por $25 millones para continuar con la reactivaci\u00f3n de las ventas y econom\u00edas de toda Mendoza.<\/strong><\/span><\/h4>\n<p><span style=\"color: #000000;\">El <strong>Secretario de Desarrollo Econ\u00f3mico y Promoci\u00f3n Departamental Carlos Ponce<\/strong> expres\u00f3: &#8216;<strong><em>De estas empresas locales siete son del rubro agroindustrial y cinco son comercios que firman por un total de $25 millones aproximadamente que implican un ANR por $10 millones. Estos convenios son muy importante porque son de agroindustria un rubro m\u00e1s que importante en nuestro Departamento y otros son para apoyar en la econom\u00eda de los comercios de donde dependen muchas familias, tambi\u00e9n decirles que el Programa Enlace est\u00e1 funcionando muy bien pueden entran a los link del Ministerio de Econom\u00eda o acercarse a nuestras oficinas para que los ayudemos en las inscripciones<\/em><\/strong>&#8216;.<\/span><\/p>\n<p><span style=\"color: #000000;\">Por su parte el <strong>Delegado Zona Sur del Ministerio de Econom\u00eda de Mendoza Edgar Rodr\u00edguez<\/strong> se\u00f1al\u00f3 que <strong>en General Alvear se han presentado 40 proyectos que equivalen a $180 millones<\/strong> y un reintegro de $60 millones en lo que va desde que se lanz\u00f3 el Programa:\u00a0 &#8216;<strong><em>Esto es una gran inversi\u00f3n no solo para los empresarios sino tambi\u00e9n para la econom\u00eda del Departamento ya que es una cadena, pero adem\u00e1s hoy se han firmado m\u00e1s contratos de Mendoza Activa y eso va a tener mucho m\u00e1s impacto. Con respecto a las l\u00edneas en el caso de la construcci\u00f3n en Alvear se ha invertido en $50 millones, en maquinarias agroindustrial unos $32 millones, el comercio es uno de los rubros que m\u00e1s se puede beneficiar por el ANR y por la billetera virtual<\/em><\/strong>&#8216;.<\/span><\/p>\n<p><span style=\"color: #000000;\">Es importante destacar que aquellos que hayan elegido una l\u00ednea pueden presentarse a otra l\u00ednea, en la ma\u00f1ana de este lunes tambi\u00e9n se llev\u00f3 adelante una reuni\u00f3n en la C\u00e1mara de Comercio junto con la Direcci\u00f3n de Educaci\u00f3n para debatir ideas sobre la Ley de Educaci\u00f3n.<\/span><\/p>\n<p><span style=\"color: #000000;\"><strong>Juan Carlos Pithod<\/strong>, propietario de <em>Muebler\u00eda El Rosario<\/em>, indic\u00f3: \u201c<strong><em>Nosotros lo que siempre quisimos es darle muebles de calidad a General Alvear y buenos precios, con este Programa de Mendoza Activa no tuvimos que cerrar, fue fundamental porque somos muchas familias que vivimos de esta muebler\u00eda, el tr\u00e1mite es muy f\u00e1cil, este subsidio es una ayuda fant\u00e1stica porque al reintegrar el 40% de la inversi\u00f3n que uno hace es muy valioso<\/em><\/strong>\u201d.<\/span><\/p>\n<p><span style=\"color: #000000;\">El Gobierno de <strong>Mendoza abri\u00f3 la 5\u00b0 convocatoria para presentar proyectos de inversi\u00f3n<\/strong>, en el marco del programa de reactivaci\u00f3n econ\u00f3mica Mendoza Activa. <strong>Estar\u00e1n disponibles las l\u00edneas de fomento a la inversi\u00f3n privada como construcci\u00f3n, comercio, servicios, industria y agricultura<\/strong>.<\/span><\/p>\n<p><span style=\"color: #000000;\">El objetivo principal del plan es reactivar la econom\u00eda, cuidar las fuentes laborales e incentivar la inversi\u00f3n privada mediante el reintegro de aportes no reembolsables. <strong>Podr\u00e1n acceder empresas, individuos y fideicomisos<\/strong>.<\/span><\/p>\n<p><span style=\"color: #000000;\">Uno de los ejes principales del Programa tiene que ver con <strong>fomentar la inversi\u00f3n privada mediante un incentivo que establece la devoluci\u00f3n del 40% sobre el total invertido, 20% en efectivo a trav\u00e9s de aportes no reintegrables, 10% con un bono fiscal para pago de impuestos locales que podr\u00e1 ser transferido y el 10% restante v\u00eda un cr\u00e9dito en una billetera virtual<\/strong> <strong>para ser utilizado en compras destinadas a los sectores m\u00e1s castigados por la pandemia, como el turismo, la gastronom\u00eda o el esparcimiento<\/strong>.<\/span><\/p>\n<p><span style=\"color: #000000;\"><strong>Mendoza Activa recibi\u00f3 durante sus primeras cuatro ediciones 1.350 proyectos<\/strong>, en busca de los incentivos econ\u00f3micos, que bajo las diversas l\u00edneas, el Gobierno de Mendoza les ofreci\u00f3 a los privados que apostaron por invertir en la provincia y colaborar en la generaci\u00f3n genuina de empleo.<\/span><\/p>\n<p><span style=\"color: #000000;\"><strong>La l\u00ednea m\u00e1s solicitada es la de la construcci\u00f3n privada<\/strong>, que tracciona al resto de los componentes del Programa. En la primera convocatoria esta l\u00ednea recibi\u00f3 el 49,28% de los proyectos cargados por los mendocinos, con una inversi\u00f3n de $1.163 millones. En la segunda presentaci\u00f3n el monto ascendi\u00f3 a $1.677.971.536, en la tercera etapa ese n\u00famero se elev\u00f3 a $2.440.146.261 y finalmente tras el cuarto cierre, la inversi\u00f3n final es de $3.311.577.990. Por lo que se esperan n\u00fameros similares en esta nueva convocatoria.<\/span><\/p>\n<h5><span style=\"color: #000000;\">\u2022F.B. (F.M. Vi\u00f1as).<\/span><\/h5>\n","protected":false},"excerpt":{"rendered":"<p>En la ma\u00f1ana de este lunes, en la sala de intendencia de la Municipalidad doce empresas locales firmaron el contrato de &#8230;<\/p>\n","protected":false},"author":8,"featured_media":82738,"comment_status":"open","ping_status":"open","sticky":false,"template":"","format":"standard","meta":{"footnotes":""},"categories":[5,16],"tags":[],"class_list":["post-82737","post","type-post","status-publish","format-standard","has-post-thumbnail","hentry","category-actualidad","category-economia"],"_links":{"self":[{"href":"https:\/\/vinasfm.com\/noticias\/wp-json\/wp\/v2\/posts\/82737","targetHints":{"allow":["GET"]}}],"collection":[{"href":"https:\/\/vinasfm.com\/noticias\/wp-json\/wp\/v2\/posts"}],"about":[{"href":"https:\/\/vinasfm.com\/noticias\/wp-json\/wp\/v2\/types\/post"}],"author":[{"embeddable":true,"href":"https:\/\/vinasfm.com\/noticias\/wp-json\/wp\/v2\/users\/8"}],"replies":[{"embeddable":true,"href":"https:\/\/vinasfm.com\/noticias\/wp-json\/wp\/v2\/comments?post=82737"}],"version-history":[{"count":1,"href":"https:\/\/vinasfm.com\/noticias\/wp-json\/wp\/v2\/posts\/82737\/revisions"}],"predecessor-version":[{"id":82739,"href":"https:\/\/vinasfm.com\/noticias\/wp-json\/wp\/v2\/posts\/82737\/revisions\/82739"}],"wp:featuredmedia":[{"embeddable":true,"href":"https:\/\/vinasfm.com\/noticias\/wp-json\/wp\/v2\/media\/82738"}],"wp:attachment":[{"href":"https:\/\/vinasfm.com\/noticias\/wp-json\/wp\/v2\/media?parent=82737"}],"wp:term":[{"taxonomy":"category","embeddable":true,"href":"https:\/\/vinasfm.com\/noticias\/wp-json\/wp\/v2\/categories?post=82737"},{"taxonomy":"post_tag","embeddable":true,"href":"https:\/\/vinasfm.com\/noticias\/wp-json\/wp\/v2\/tags?post=82737"}],"curies":[{"name":"wp","href":"https:\/\/api.w.org\/{rel}","templated":true}]}}