{"id":82676,"date":"2020-12-21T09:00:10","date_gmt":"2020-12-21T12:00:10","guid":{"rendered":"http:\/\/vinasfm.com\/noticias\/?p=82676"},"modified":"2020-12-21T20:21:05","modified_gmt":"2020-12-21T23:21:05","slug":"la-pampa-pidio-a-la-corte-que-ordene-el-caudal-minimo-del-atuel-de-inmediato","status":"publish","type":"post","link":"https:\/\/vinasfm.com\/noticias\/la-pampa-pidio-a-la-corte-que-ordene-el-caudal-minimo-del-atuel-de-inmediato\/","title":{"rendered":"LA PAMPA PIDI\u00d3 A LA CORTE QUE ORDENE EL CAUDAL M\u00cdNIMO DEL ATUEL DE INMEDIATO"},"content":{"rendered":"<h4><span style=\"color: #000000;\"><strong>El gobierno de La Pampa elev\u00f3 a la Corte Suprema de Justicia de la Naci\u00f3n un escrito pidiendo que implemente de \u201cinmediato\u201d un caudal m\u00ednimo permanente e interino de 3,2 metros c\u00fabicos por segundo de agua del r\u00edo Atuel, con una calidad asociada no superior a los 2450 \u00b5S\/cm, en pos del cese del da\u00f1o ambiental existente.<\/strong><\/span><\/h4>\n<p><span style=\"color: #000000;\">Tambi\u00e9n que \u201cdefina la creaci\u00f3n del organismo de cuenca correspondiente (CIRA) con facultades plenas y la incorporaci\u00f3n efectiva del Estado Nacional para la gesti\u00f3n conjunta de los recursos h\u00eddricos de la cuenca del r\u00edo Atuel\u201d, seg\u00fan inform\u00f3 el diario La Arena.<\/span><\/p>\n<p><span style=\"color: #000000;\">El escrito remitido desde la vecina provincia al m\u00e1ximo \u00f3rgano judicial de la Naci\u00f3n lega cuando se ha vencido el plazo para que las partes del conflicto (Mendoza, La Pampa y la Naci\u00f3n) se pongan de acuerdo en las obras necesarias para cumplir con el fallo de la Corte que inst\u00f3 a asegurar un caudal m\u00ednimo del r\u00edo Atuel en territorio pampeano. Como pese a las propuestas mendocinas para hacer obras en conjunto no hubo acuerdo, ahora ser\u00e1 el organismo judicial quien en alg\u00fan momento diga c\u00f3mo sigue el asunto, por lo que es probable que se gu\u00ede por la propuesta de alg\u00fan organismo nacional, como ya ocurri\u00f3 en el anterior fallo.<\/span><\/p>\n<p><span style=\"color: #000000;\">La presentaci\u00f3n pampeana sostiene \u201clos obst\u00e1culos puestos por la provincia de Mendoza para llegar a un acuerdo razonable\u201d, asegurando que en Mendoza se mantiene una \u201cpostura intransigente que no aporta a la soluci\u00f3n de este conflicto, sin una visi\u00f3n solidaria que entienda el concepto de integralidad, desarrollo sustentable y al ambiente como un usuario de la cuenca\u201d.<\/span><\/p>\n<p><span style=\"color: #000000;\">En La Pampa se\u00f1alan que ellos presentaron un plan de acciones mediante las cuales podr\u00eda obtenerse el caudal m\u00ednimo permanente y de calidad necesario para detener el da\u00f1o ambiental en el noroeste de la provincia pero, dicen, dicho plan de acciones fue rechazado por Mendoza.<\/span><\/p>\n<h5><strong><em>Fuente: Diario San Rafael.<\/em><\/strong><\/h5>\n","protected":false},"excerpt":{"rendered":"<p>El gobierno de La Pampa elev\u00f3 a la Corte Suprema de Justicia de la Naci\u00f3n un escrito pidiendo que implemente de &#8230;<\/p>\n","protected":false},"author":7,"featured_media":76712,"comment_status":"open","ping_status":"open","sticky":false,"template":"","format":"standard","meta":{"footnotes":""},"categories":[5,54],"tags":[],"class_list":["post-82676","post","type-post","status-publish","format-standard","has-post-thumbnail","hentry","category-actualidad","category-conflicto-con-la-pampa"],"_links":{"self":[{"href":"https:\/\/vinasfm.com\/noticias\/wp-json\/wp\/v2\/posts\/82676","targetHints":{"allow":["GET"]}}],"collection":[{"href":"https:\/\/vinasfm.com\/noticias\/wp-json\/wp\/v2\/posts"}],"about":[{"href":"https:\/\/vinasfm.com\/noticias\/wp-json\/wp\/v2\/types\/post"}],"author":[{"embeddable":true,"href":"https:\/\/vinasfm.com\/noticias\/wp-json\/wp\/v2\/users\/7"}],"replies":[{"embeddable":true,"href":"https:\/\/vinasfm.com\/noticias\/wp-json\/wp\/v2\/comments?post=82676"}],"version-history":[{"count":2,"href":"https:\/\/vinasfm.com\/noticias\/wp-json\/wp\/v2\/posts\/82676\/revisions"}],"predecessor-version":[{"id":82714,"href":"https:\/\/vinasfm.com\/noticias\/wp-json\/wp\/v2\/posts\/82676\/revisions\/82714"}],"wp:featuredmedia":[{"embeddable":true,"href":"https:\/\/vinasfm.com\/noticias\/wp-json\/wp\/v2\/media\/76712"}],"wp:attachment":[{"href":"https:\/\/vinasfm.com\/noticias\/wp-json\/wp\/v2\/media?parent=82676"}],"wp:term":[{"taxonomy":"category","embeddable":true,"href":"https:\/\/vinasfm.com\/noticias\/wp-json\/wp\/v2\/categories?post=82676"},{"taxonomy":"post_tag","embeddable":true,"href":"https:\/\/vinasfm.com\/noticias\/wp-json\/wp\/v2\/tags?post=82676"}],"curies":[{"name":"wp","href":"https:\/\/api.w.org\/{rel}","templated":true}]}}