{"id":82598,"date":"2020-12-18T06:08:59","date_gmt":"2020-12-18T09:08:59","guid":{"rendered":"http:\/\/vinasfm.com\/noticias\/?p=82598"},"modified":"2020-12-18T11:31:51","modified_gmt":"2020-12-18T14:31:51","slug":"postes-caidos-y-cortes-de-luz-lo-que-el-viento-nos-dejo","status":"publish","type":"post","link":"https:\/\/vinasfm.com\/noticias\/postes-caidos-y-cortes-de-luz-lo-que-el-viento-nos-dejo\/","title":{"rendered":"POSTES CA\u00cdDOS Y CORTES DE LUZ: LO QUE EL VIENTO NOS DEJ\u00d3"},"content":{"rendered":"<h4><strong><span style=\"color: #000000;\">Producto de las fuertes r\u00e1fagas de viento que imperaron en la regi\u00f3n, alrededor de las 14h se cayeron tres postes de la l\u00ednea el\u00e9ctrica, en calle Casian de Jaime Prats.<\/span><\/strong><\/h4>\n<p><span style=\"color: #000000;\">En nuestro departamento tambi\u00e9n hubo lugares complicados producto del viento. En dialogo con <strong>F.M. Vi\u00f1as<\/strong>, <strong>Mauricio Ortiz Iboldi de Cecsagal<\/strong> se\u00f1al\u00f3 que la zona m\u00e1s complicada fue la industrial de Alvear Oeste. En cuanto a los da\u00f1os, se quebr\u00f3 un poste de media tensi\u00f3n en calle Centenario y 12 y otro en la zona de Real del Padre.<\/span><\/p>\n<p><span style=\"color: #000000;\">Estas situaciones provocaron la interrupci\u00f3n del servicio el\u00e9ctrico que r\u00e1pidamente fue reestablecido.<\/span><\/p>\n<h5><span style=\"color: #000000;\"><em>A.C.<\/em><\/span><\/h5>\n","protected":false},"excerpt":{"rendered":"<p>Producto de las fuertes r\u00e1fagas de viento que imperaron en la regi\u00f3n, alrededor de las 14h se cayeron tres postes de &#8230;<\/p>\n","protected":false},"author":7,"featured_media":82599,"comment_status":"open","ping_status":"open","sticky":false,"template":"","format":"standard","meta":{"footnotes":""},"categories":[5],"tags":[],"class_list":["post-82598","post","type-post","status-publish","format-standard","has-post-thumbnail","hentry","category-actualidad"],"_links":{"self":[{"href":"https:\/\/vinasfm.com\/noticias\/wp-json\/wp\/v2\/posts\/82598","targetHints":{"allow":["GET"]}}],"collection":[{"href":"https:\/\/vinasfm.com\/noticias\/wp-json\/wp\/v2\/posts"}],"about":[{"href":"https:\/\/vinasfm.com\/noticias\/wp-json\/wp\/v2\/types\/post"}],"author":[{"embeddable":true,"href":"https:\/\/vinasfm.com\/noticias\/wp-json\/wp\/v2\/users\/7"}],"replies":[{"embeddable":true,"href":"https:\/\/vinasfm.com\/noticias\/wp-json\/wp\/v2\/comments?post=82598"}],"version-history":[{"count":3,"href":"https:\/\/vinasfm.com\/noticias\/wp-json\/wp\/v2\/posts\/82598\/revisions"}],"predecessor-version":[{"id":82603,"href":"https:\/\/vinasfm.com\/noticias\/wp-json\/wp\/v2\/posts\/82598\/revisions\/82603"}],"wp:featuredmedia":[{"embeddable":true,"href":"https:\/\/vinasfm.com\/noticias\/wp-json\/wp\/v2\/media\/82599"}],"wp:attachment":[{"href":"https:\/\/vinasfm.com\/noticias\/wp-json\/wp\/v2\/media?parent=82598"}],"wp:term":[{"taxonomy":"category","embeddable":true,"href":"https:\/\/vinasfm.com\/noticias\/wp-json\/wp\/v2\/categories?post=82598"},{"taxonomy":"post_tag","embeddable":true,"href":"https:\/\/vinasfm.com\/noticias\/wp-json\/wp\/v2\/tags?post=82598"}],"curies":[{"name":"wp","href":"https:\/\/api.w.org\/{rel}","templated":true}]}}