{"id":82557,"date":"2020-12-18T07:00:28","date_gmt":"2020-12-18T10:00:28","guid":{"rendered":"http:\/\/vinasfm.com\/noticias\/?p=82557"},"modified":"2020-12-21T08:22:38","modified_gmt":"2020-12-21T11:22:38","slug":"nueva-prorroga-para-las-licencias-de-conducir-vencidas-desde-el-1-de-marzo-de-2020","status":"publish","type":"post","link":"https:\/\/vinasfm.com\/noticias\/nueva-prorroga-para-las-licencias-de-conducir-vencidas-desde-el-1-de-marzo-de-2020\/","title":{"rendered":"NUEVA PR\u00d3RROGA PARA LAS LICENCIAS DE CONDUCIR VENCIDAS DESDE EL 1\u00b0 DE MARZO DE 2020"},"content":{"rendered":"<h4><span style=\"color: #000000;\"><strong>En el Decreto Provincial N\u00b0 1650 publicado el mi\u00e9rcoles en el Bolet\u00edn Oficial establece en su art\u00edculo 6<span class=\"a\">\u00a0que hasta el 30 de junio de 2021, no se labrar\u00e1n actas de infracci\u00f3n <\/span><span class=\"a\">respecto de las licencias de conducir cuyo vencimiento haya operado desde el 1 de marzo de <\/span><span class=\"a\">2020. Respecto a la implementaci\u00f3n de esta prorroga y otros temas referidos al Juzgado de Tr\u00e1nsito Municipal, F.M. VI\u00d1AS dialog\u00f3 con el Dr. Sebasti\u00e1n Sim\u00f3n.<\/span><\/strong><\/span><\/h4>\n<p><span style=\"color: #000000;\">&#8216;<strong><em>El Decreto utiliza el t\u00e9rmino prorroga pero en realidad hace una orden directa a los polic\u00edas que no realicen multas de tr\u00e1nsito por licencias vencidas desde el 1 de marzo e invita a los municipios a extender la vigencia de los carnet de conducir dentro de los convenios que tiene firmados con la Agencia Nacional de Seguridad Vial<\/em><\/strong>&#8216;, puntualiz\u00f3 el Juez de Tr\u00e1nsito Municipal de General Alvear.<\/span><\/p>\n<p><span style=\"color: #000000;\">Al ser consultado si esta normativa alcanza a Polic\u00eda de Tr\u00e1nsito Municipal, Sim\u00f3n se\u00f1al\u00f3 que &#8216;<em><b>es una orden directa a Polic\u00eda Vial de Mendoza, que es sobre la que tiene competencia el Gobernador. En el caso de la polic\u00eda municipal debe ser el intendente Marcolini a trav\u00e9s del Director de Tr\u00e1nsito aunque al momento en el Juzgado no estamos haciendo multas por licencias vencidas\u00a0desde el 1 de marzo<\/b><\/em>&#8216;.<\/span><\/p>\n<p><span style=\"color: #000000;\">Sobre a las <strong>multas por infracci\u00f3n a usuarios de la v\u00eda p\u00fablica<\/strong> se\u00f1al\u00f3 que &#8216;<strong><em>principalmente la mayor\u00eda son por circular con carnet vencido antes del 1 de marzo porque hay mucha gente con licencias vencidas hace a\u00f1os, por andar con el tel\u00e9fono en la mano en circulaci\u00f3n o en un sem\u00e1foro, cuando no est\u00e1 permitido seg\u00fan la legislaci\u00f3n vigente , y por no contar con seguro<\/em><\/strong>&#8216;, y destac\u00f3 que la Ley &#8216;<strong><em>proh\u00edbe conducir usando incluso auriculares o manos libres por el tema de falta de atenci\u00f3n<\/em><\/strong>&#8216;.<\/span><\/p>\n<p><span style=\"color: #000000;\">Como medida importante para concientizar a los conductores, asegur\u00f3 que desde el organismo realizan educaci\u00f3n en las calles: &#8216;<strong><em>Estuvimos casi 10 meses en la calle haciendo educaci\u00f3n y la gente parece que aprendi\u00f3 poco aunque lo fue \u00fatil fue la educaci\u00f3n vial en las escuelas donde se hicieron m\u00e1s de 90 campa\u00f1as. Hay algunos que aprenden con educaci\u00f3n y otros con la sanci\u00f3n. Por all\u00ed la gente se queja de la categor\u00eda de la multa pero no es el criterio del efectivo sino lo que estipula la Ley<\/em><\/strong>&#8216;. Prontamente comenzar\u00e1n a aconsejar respecto al uso de celulares porque se ha notado un alto numero de automovilistas que utilizan dispositivos m\u00f3viles mientras conducen.<\/span><\/p>\n<p><span style=\"color: #000000;\">Asimismo record\u00f3 que <strong>aquellas personas que hayan sido infraccionadas<\/strong> deben <strong>presentar el descargo en el Juzgado Municipal de Tr\u00e1nsito<\/strong> (Calle Silvio Triccerri) y <strong>abonar el c\u00f3digo 209 <em>($100<\/em><\/strong>) que <strong>se puede descargar de manera online en la web de Rentas de la Municipalidad<\/strong> titulado como &#8216;<strong><em>descargo multas de tr\u00e1nsito&#8217;<\/em><\/strong>. Agreg\u00f3: &#8216;<strong><em>Si la multa es por seguro que traiga la fotocopia del seguro y si es por licencia solo la de la licencia. Adem\u00e1s tiene que justificar la reducci\u00f3n de la pena con una explicaci\u00f3n razonables. De all\u00ed se puede pagar el cuotas inclusive<\/em><\/strong>&#8216;.<\/span><\/p>\n<p><span style=\"color: #000000;\">Otro de las problem\u00e1ticas, que genera malestar generalizado, es el paso de camiones por las principales avenidas de la Ciudad: &#8216;<strong><em>Este problema es de hace varios a\u00f1os y nosotros nos estamos colocando media cuadra despu\u00e9s del lugar donde tienen que doblar y muchos doblan porque nos ven y en ocasiones los escoltamos<\/em><\/strong>&#8216;, y sobre las infracciones a los conductores de transporte asegur\u00f3 que &#8216;<strong><em>lo pueden multar o indicarle por d\u00f3nde debe circular<\/em><\/strong>&#8216;.<\/span><\/p>\n<p><span style=\"color: #000000;\">Finalmente sostuvo que est\u00e1n trabajando en los distritos de forma parcial aunque &#8216;<strong><em>a muchos conductores no les gusta que vayamos porque en algunos casos no est\u00e1n acostumbrados a que le pidan los papeles o, en el peor de los casos, algunos no llevan ni el DNI<\/em><\/strong>&#8216;.<\/span><\/p>\n<h5><span style=\"color: #000000;\">\u2022F.B. (F.M. Vi\u00f1as).<\/span><\/h5>\n","protected":false},"excerpt":{"rendered":"<p>En el Decreto Provincial N\u00b0 1650 publicado el mi\u00e9rcoles en el Bolet\u00edn Oficial establece en su art\u00edculo 6\u00a0que hasta el 30 &#8230;<\/p>\n","protected":false},"author":8,"featured_media":82558,"comment_status":"open","ping_status":"open","sticky":false,"template":"","format":"standard","meta":{"footnotes":""},"categories":[5,56],"tags":[],"class_list":["post-82557","post","type-post","status-publish","format-standard","has-post-thumbnail","hentry","category-actualidad","category-seguridad-vial"],"_links":{"self":[{"href":"https:\/\/vinasfm.com\/noticias\/wp-json\/wp\/v2\/posts\/82557","targetHints":{"allow":["GET"]}}],"collection":[{"href":"https:\/\/vinasfm.com\/noticias\/wp-json\/wp\/v2\/posts"}],"about":[{"href":"https:\/\/vinasfm.com\/noticias\/wp-json\/wp\/v2\/types\/post"}],"author":[{"embeddable":true,"href":"https:\/\/vinasfm.com\/noticias\/wp-json\/wp\/v2\/users\/8"}],"replies":[{"embeddable":true,"href":"https:\/\/vinasfm.com\/noticias\/wp-json\/wp\/v2\/comments?post=82557"}],"version-history":[{"count":7,"href":"https:\/\/vinasfm.com\/noticias\/wp-json\/wp\/v2\/posts\/82557\/revisions"}],"predecessor-version":[{"id":82565,"href":"https:\/\/vinasfm.com\/noticias\/wp-json\/wp\/v2\/posts\/82557\/revisions\/82565"}],"wp:featuredmedia":[{"embeddable":true,"href":"https:\/\/vinasfm.com\/noticias\/wp-json\/wp\/v2\/media\/82558"}],"wp:attachment":[{"href":"https:\/\/vinasfm.com\/noticias\/wp-json\/wp\/v2\/media?parent=82557"}],"wp:term":[{"taxonomy":"category","embeddable":true,"href":"https:\/\/vinasfm.com\/noticias\/wp-json\/wp\/v2\/categories?post=82557"},{"taxonomy":"post_tag","embeddable":true,"href":"https:\/\/vinasfm.com\/noticias\/wp-json\/wp\/v2\/tags?post=82557"}],"curies":[{"name":"wp","href":"https:\/\/api.w.org\/{rel}","templated":true}]}}