{"id":82541,"date":"2020-12-18T09:31:17","date_gmt":"2020-12-18T12:31:17","guid":{"rendered":"http:\/\/vinasfm.com\/noticias\/?p=82541"},"modified":"2020-12-21T08:20:00","modified_gmt":"2020-12-21T11:20:00","slug":"el-comisario-pedro-constanzo-es-el-nuevo-jefe-departamental-de-policia","status":"publish","type":"post","link":"https:\/\/vinasfm.com\/noticias\/el-comisario-pedro-constanzo-es-el-nuevo-jefe-departamental-de-policia\/","title":{"rendered":"EL COMISARIO PEDRO CONSTANZO ES EL NUEVO JEFE DEPARTAMENTAL DE POLIC\u00cdA"},"content":{"rendered":"<h4><span style=\"color: #000000;\"><strong><span style=\"color: #000000;\">Hasta General Alvear llegaron autoridades de la polic\u00eda de Mendoza, quienes fueron recibidas por el Intendente Walther Marcolini, para poner en funciones al Comisario Pedro Constanzo a cargo de la Jefatura Departamental que incluye las jurisdicciones de comisar\u00edas 14\u00b0 (Alvear), 46\u00b0 (Bowen), 64\u00b0 (Monte Com\u00e1n), 26\u00b0 (Villa Atuel) y las dependencias de Polic\u00eda Vial, Narcocriminalidad, Canes y Polic\u00eda Rural.<\/span><\/strong><\/span><\/h4>\n<p><span style=\"color: #000000;\">\u201c<strong><em>Estamos muy contentos que las m\u00e1ximas autoridades de la polic\u00eda de Mendoza est\u00e9n en nuestro Departamento y quiero agradecerle al Ministro de Seguridad que en estos \u00faltimos d\u00edas se hayan abocado a las situaciones que se han producido en Alvear<\/em><\/strong>\u201d, manifest\u00f3 el <strong>Intendente Walther Marcolini<\/strong>, durante el nombramiento del<strong> Comisario Pedro Constanzo al frente de la Departamental General Alvear<\/strong>. Para este acto llegaron a General Alvear el <strong>Comisario General Roberto Munives<\/strong>, <strong>Jefe de la Polic\u00eda de Mendoza<\/strong>, y el <strong>Comisario Inspector Cristian Carvalho Jefe de la Distrital Zona Sur<\/strong>, tambi\u00e9n particip\u00f3 el <strong>Coordinador del Consejo de Seguridad Jos\u00e9 Mar\u00eda Mart\u00ednez<\/strong>.<\/span><\/p>\n<p><span style=\"color: #000000;\">El intendente se mostr\u00f3 satisfecho con la r\u00e1pida respuesta ante lo solicitado d\u00edas atr\u00e1s: \u201c<strong><em>Estamos muy contentos porque se han producido algunas de las modificaciones que hemos solicitado, esto es lo que necesitamos para llevar tranquilidad a nuestros vecinos. Es un buen momento para decir que hemos solicitado todas las acciones para que la seguridad sea ese valor agregado que tiene la comunidad alvearense y se pueda resolver junto a los fiscales, y tambi\u00e9n la prevenci\u00f3n sea la regla de todo esto<\/em><\/strong>\u201d, finaliz\u00f3 el mandatario.<\/span><\/p>\n<p><span style=\"color: #000000;\">Por su parte, el <strong>Director General de la Polic\u00eda Roberto Munives<\/strong> expres\u00f3: \u201c<strong><em>He decidido poner a partir de la fecha al frente de la seguridad de este Departamento al Comisario Pedro Constanzo, para volver a traer toda la seguridad y la paz a este Departamento y de todo el sur. Queremos poner el orden nuevamente y decirles a los vecinos que estoy a su entera disposici\u00f3n<\/em><\/strong>\u201d. Munives agreg\u00f3 que <strong>se realizar\u00e1n ajustes para que la seguridad reine en toda la localidad<\/strong>. En cuanto a la <strong>polic\u00eda rural<\/strong> se va a evaluar la situaci\u00f3n ya que no est\u00e1 tan lejos, aunque <strong>ser\u00e1 el Comisario Constanzo ser\u00e1 quien eval\u00fae ese tema<\/strong>.<\/span><\/p>\n<p><span style=\"color: #000000;\">Finalmente, el <strong>Comisario Pedro Constanzo<\/strong> manifest\u00f3: \u201c<strong><em>Siempre es algo que uno espera en la carrera profesional, la idea es trabajar en equipo, como dec\u00eda el Director Munives cuando no hay recursos tienen que surgir las ideas, as\u00ed que en eso vamos a trabajar<\/em><\/strong>\u201d. Asimismo asegur\u00f3 que: \u201c<strong><em>Vamos a reforzar el personal de la Comisaria, con la movilidad que tenemos trataremos de cubrir todo el departamento en la medida que podamos. Lo primordial es la prevenci\u00f3n y trabajar en conjunto con el Consejo de Seguridad y las uniones vecinales para prevenir<\/em><\/strong>\u201d.<\/span><\/p>\n<h5><span style=\"color: #000000;\">\u2022F.B. (F.M. Vi\u00f1as).<\/span><\/h5>\n","protected":false},"excerpt":{"rendered":"<p>Hasta General Alvear llegaron autoridades de la polic\u00eda de Mendoza, quienes fueron recibidas por el Intendente Walther Marcolini, para poner en &#8230;<\/p>\n","protected":false},"author":8,"featured_media":82542,"comment_status":"open","ping_status":"open","sticky":false,"template":"","format":"standard","meta":{"footnotes":""},"categories":[5,33],"tags":[],"class_list":["post-82541","post","type-post","status-publish","format-standard","has-post-thumbnail","hentry","category-actualidad","category-seguridad"],"_links":{"self":[{"href":"https:\/\/vinasfm.com\/noticias\/wp-json\/wp\/v2\/posts\/82541","targetHints":{"allow":["GET"]}}],"collection":[{"href":"https:\/\/vinasfm.com\/noticias\/wp-json\/wp\/v2\/posts"}],"about":[{"href":"https:\/\/vinasfm.com\/noticias\/wp-json\/wp\/v2\/types\/post"}],"author":[{"embeddable":true,"href":"https:\/\/vinasfm.com\/noticias\/wp-json\/wp\/v2\/users\/8"}],"replies":[{"embeddable":true,"href":"https:\/\/vinasfm.com\/noticias\/wp-json\/wp\/v2\/comments?post=82541"}],"version-history":[{"count":4,"href":"https:\/\/vinasfm.com\/noticias\/wp-json\/wp\/v2\/posts\/82541\/revisions"}],"predecessor-version":[{"id":82548,"href":"https:\/\/vinasfm.com\/noticias\/wp-json\/wp\/v2\/posts\/82541\/revisions\/82548"}],"wp:featuredmedia":[{"embeddable":true,"href":"https:\/\/vinasfm.com\/noticias\/wp-json\/wp\/v2\/media\/82542"}],"wp:attachment":[{"href":"https:\/\/vinasfm.com\/noticias\/wp-json\/wp\/v2\/media?parent=82541"}],"wp:term":[{"taxonomy":"category","embeddable":true,"href":"https:\/\/vinasfm.com\/noticias\/wp-json\/wp\/v2\/categories?post=82541"},{"taxonomy":"post_tag","embeddable":true,"href":"https:\/\/vinasfm.com\/noticias\/wp-json\/wp\/v2\/tags?post=82541"}],"curies":[{"name":"wp","href":"https:\/\/api.w.org\/{rel}","templated":true}]}}