{"id":82523,"date":"2020-12-17T06:52:07","date_gmt":"2020-12-17T09:52:07","guid":{"rendered":"http:\/\/vinasfm.com\/noticias\/?p=82523"},"modified":"2020-12-18T10:14:44","modified_gmt":"2020-12-18T13:14:44","slug":"el-consejo-de-seguridad-establecio-estrategias-para-combatir-el-delito-en-alvear","status":"publish","type":"post","link":"https:\/\/vinasfm.com\/noticias\/el-consejo-de-seguridad-establecio-estrategias-para-combatir-el-delito-en-alvear\/","title":{"rendered":"EL CONSEJO DE SEGURIDAD ESTABLECI\u00d3 ESTRATEGIAS PARA COMBATIR EL DELITO EN ALVEAR"},"content":{"rendered":"<h4><span style=\"color: #000000;\"><strong>En la noche de este mi\u00e9rcoles en la C\u00e1mara de Comercio se reuni\u00f3, a pedido de vecinos y entidades, el Consejo de Seguridad con miembros de la Unidad Fiscal, Juzgados, Polic\u00eda y el Municipio con el fin de establecer pautas y estrategias para combatir la inseguridad.<\/strong><\/span><\/h4>\n<p><span style=\"color: #000000;\">Con la presencia de los <strong>Fiscales<\/strong> <strong>Ivana <span style=\"color: #000000;\">Verd\u00fan<\/span><\/strong> y <strong>Mart\u00edn Castro<\/strong>, el <strong>Ayudante Fiscal Germ\u00e1n Harmonzuk<\/strong>, el <strong>Juez Penal de Menores Santiago Barroso<\/strong>, la <strong>Fiscal de Menores y Tr\u00e1nsito Dra. Borgna<\/strong>, autoridades policiales y comerciantes del departamento, la mesa ejecutiva de la C\u00e1mara de Comercio presidi\u00f3 el debate: &#8216;<strong><em>Pusimos en valor el trabajo del Consejo de Seguridad en los distintos puntos del departamento y al avanzar en la problem\u00e1tica comerciantes damnificados expresaron sus reclamos<\/em><\/strong>&#8216; , explic\u00f3 a <strong>F.M. VI\u00d1AS<\/strong> el <strong>Coordinador Jos\u00e9 Mar\u00eda Mart\u00ednez.<\/strong><\/span><\/p>\n<p><span style=\"color: #000000;\">En la misma l\u00ednea, Mart\u00ednez se\u00f1al\u00f3 que &#8216;<strong><em>los reclamos se basaron en la falta de acci\u00f3n de la Justicia ante lo cual los fiscales explicaron c\u00f3mo trabajan en los hechos y causas bajo la legislaci\u00f3n vigente<\/em><\/strong>&#8216;, y agreg\u00f3: &#8216;<strong><em>Fue importante reconocer que el delito ha crecido y coincidimos en trabajar juntos peticionando y elaborar estrategias para aminorarlo adem\u00e1s de exigir ante la provincia m\u00e1s recursos para esta tarea<\/em><\/strong>&#8216;.<\/span><\/p>\n<h5><span style=\"color: #000000;\">\u2022F.B. (F.M. Vi\u00f1as).<\/span><\/h5>\n","protected":false},"excerpt":{"rendered":"<p>En la noche de este mi\u00e9rcoles en la C\u00e1mara de Comercio se reuni\u00f3, a pedido de vecinos y entidades, el Consejo &#8230;<\/p>\n","protected":false},"author":8,"featured_media":82524,"comment_status":"open","ping_status":"open","sticky":false,"template":"","format":"standard","meta":{"footnotes":""},"categories":[5,32,33],"tags":[],"class_list":["post-82523","post","type-post","status-publish","format-standard","has-post-thumbnail","hentry","category-actualidad","category-camara-de-comercio","category-seguridad"],"_links":{"self":[{"href":"https:\/\/vinasfm.com\/noticias\/wp-json\/wp\/v2\/posts\/82523","targetHints":{"allow":["GET"]}}],"collection":[{"href":"https:\/\/vinasfm.com\/noticias\/wp-json\/wp\/v2\/posts"}],"about":[{"href":"https:\/\/vinasfm.com\/noticias\/wp-json\/wp\/v2\/types\/post"}],"author":[{"embeddable":true,"href":"https:\/\/vinasfm.com\/noticias\/wp-json\/wp\/v2\/users\/8"}],"replies":[{"embeddable":true,"href":"https:\/\/vinasfm.com\/noticias\/wp-json\/wp\/v2\/comments?post=82523"}],"version-history":[{"count":1,"href":"https:\/\/vinasfm.com\/noticias\/wp-json\/wp\/v2\/posts\/82523\/revisions"}],"predecessor-version":[{"id":82525,"href":"https:\/\/vinasfm.com\/noticias\/wp-json\/wp\/v2\/posts\/82523\/revisions\/82525"}],"wp:featuredmedia":[{"embeddable":true,"href":"https:\/\/vinasfm.com\/noticias\/wp-json\/wp\/v2\/media\/82524"}],"wp:attachment":[{"href":"https:\/\/vinasfm.com\/noticias\/wp-json\/wp\/v2\/media?parent=82523"}],"wp:term":[{"taxonomy":"category","embeddable":true,"href":"https:\/\/vinasfm.com\/noticias\/wp-json\/wp\/v2\/categories?post=82523"},{"taxonomy":"post_tag","embeddable":true,"href":"https:\/\/vinasfm.com\/noticias\/wp-json\/wp\/v2\/tags?post=82523"}],"curies":[{"name":"wp","href":"https:\/\/api.w.org\/{rel}","templated":true}]}}