{"id":82435,"date":"2020-12-16T09:49:51","date_gmt":"2020-12-16T12:49:51","guid":{"rendered":"http:\/\/vinasfm.com\/noticias\/?p=82435"},"modified":"2020-12-16T10:15:49","modified_gmt":"2020-12-16T13:15:49","slug":"la-camara-de-comercio-pide-ampliar-el-horario-de-atencion-y-el-factor-ocupacional-en-locales-gastronomicos","status":"publish","type":"post","link":"https:\/\/vinasfm.com\/noticias\/la-camara-de-comercio-pide-ampliar-el-horario-de-atencion-y-el-factor-ocupacional-en-locales-gastronomicos\/","title":{"rendered":"LA C\u00c1MARA DE COMERCIO PIDE AMPLIAR EL HORARIO DE ATENCI\u00d3N Y EL FACTOR OCUPACIONAL EN LOCALES GASTRON\u00d3MICOS"},"content":{"rendered":"<h4><span style=\"color: #000000;\"><strong>La semana pasada, desde la C\u00e1mara de Comercio de General Alvear enviaron una nota a la Municipalidad solicitando la ampliaci\u00f3n del horario de atenci\u00f3n en locales gastron\u00f3micos en nuestro departamento con el objetivo de beneficiar al sector y evitar la proliferaci\u00f3n de juntadas clandestinas.<\/strong><\/span><\/h4>\n<p><span style=\"color: #000000;\"><strong>Marina Rodr\u00edguez<\/strong> de la <strong>Espec\u00edfica de Comercio <\/strong>se\u00f1al\u00f3 a <strong>F.M. VI\u00d1AS\u00a0<\/strong>que insisten con el pedido elevado al Municipio\u00a0&#8216;<strong><em>solicitando que el horario de cierre sea a las 03:00h igualando la situaci\u00f3n que se da en otras ciudades. En esta \u00e9poca de calor, la gente tiende a estar un poco m\u00e1s y al limitarse el horario se fomentan las fiestas y juntadas clandestinas<\/em><\/strong>&#8216;.<\/span><\/p>\n<p><span style=\"color: #000000;\">En la misma l\u00ednea subray\u00f3 que en el pedido plantearon que se modifique el factor ocupacional en los comercios gastron\u00f3micos:\u00a0&#8216;<strong><em>Se deber\u00eda ampliar la capacidad a 8 o 10 por mesa ya que entendemos que en estos comercios hacen respetar las medidas de prevenci\u00f3n a diferencia de las reuniones al aire libre de 15 personas&#8217;.<\/em><\/strong><\/span><\/p>\n<p><span style=\"color: #000000;\">Al ser consultada sobre la disconformidad de locales nocturnos ante la prohibici\u00f3n de comenzar con su actividad en el marco de las fiestas de fin de a\u00f1o, Rodr\u00edguez se\u00f1al\u00f3: &#8216;<strong><em>Los empresarios de ese rubro saben que nuestras puertas est\u00e1n abiertas para el di\u00e1logo y el acompa\u00f1amiento en sus reclamos porque sabemos que estos meses no han trabajado<\/em><\/strong>&#8216;.<\/span><\/p>\n<h5><span style=\"color: #000000;\">\u2022F.B. (F.M. Vi\u00f1as).<\/span><\/h5>\n","protected":false},"excerpt":{"rendered":"<p>La semana pasada, desde la C\u00e1mara de Comercio de General Alvear enviaron una nota a la Municipalidad solicitando la ampliaci\u00f3n del &#8230;<\/p>\n","protected":false},"author":8,"featured_media":82436,"comment_status":"open","ping_status":"open","sticky":false,"template":"","format":"standard","meta":{"footnotes":""},"categories":[5,32],"tags":[],"class_list":["post-82435","post","type-post","status-publish","format-standard","has-post-thumbnail","hentry","category-actualidad","category-camara-de-comercio"],"_links":{"self":[{"href":"https:\/\/vinasfm.com\/noticias\/wp-json\/wp\/v2\/posts\/82435","targetHints":{"allow":["GET"]}}],"collection":[{"href":"https:\/\/vinasfm.com\/noticias\/wp-json\/wp\/v2\/posts"}],"about":[{"href":"https:\/\/vinasfm.com\/noticias\/wp-json\/wp\/v2\/types\/post"}],"author":[{"embeddable":true,"href":"https:\/\/vinasfm.com\/noticias\/wp-json\/wp\/v2\/users\/8"}],"replies":[{"embeddable":true,"href":"https:\/\/vinasfm.com\/noticias\/wp-json\/wp\/v2\/comments?post=82435"}],"version-history":[{"count":1,"href":"https:\/\/vinasfm.com\/noticias\/wp-json\/wp\/v2\/posts\/82435\/revisions"}],"predecessor-version":[{"id":82437,"href":"https:\/\/vinasfm.com\/noticias\/wp-json\/wp\/v2\/posts\/82435\/revisions\/82437"}],"wp:featuredmedia":[{"embeddable":true,"href":"https:\/\/vinasfm.com\/noticias\/wp-json\/wp\/v2\/media\/82436"}],"wp:attachment":[{"href":"https:\/\/vinasfm.com\/noticias\/wp-json\/wp\/v2\/media?parent=82435"}],"wp:term":[{"taxonomy":"category","embeddable":true,"href":"https:\/\/vinasfm.com\/noticias\/wp-json\/wp\/v2\/categories?post=82435"},{"taxonomy":"post_tag","embeddable":true,"href":"https:\/\/vinasfm.com\/noticias\/wp-json\/wp\/v2\/tags?post=82435"}],"curies":[{"name":"wp","href":"https:\/\/api.w.org\/{rel}","templated":true}]}}