{"id":82028,"date":"2020-12-09T19:20:51","date_gmt":"2020-12-09T22:20:51","guid":{"rendered":"http:\/\/vinasfm.com\/noticias\/?p=82028"},"modified":"2020-12-10T10:19:52","modified_gmt":"2020-12-10T13:19:52","slug":"sin-acuerdo-entre-mendoza-y-la-pampa-la-corte-debera-resolver-la-situacion-del-atuel","status":"publish","type":"post","link":"https:\/\/vinasfm.com\/noticias\/sin-acuerdo-entre-mendoza-y-la-pampa-la-corte-debera-resolver-la-situacion-del-atuel\/","title":{"rendered":"SIN ACUERDO ENTRE MENDOZA Y LA PAMPA, LA CORTE DEBER\u00c1 RESOLVER LA SITUACI\u00d3N DEL ATUEL"},"content":{"rendered":"<h4><span style=\"color: #000000;\"><strong>Ma\u00f1ana vence el plazo para que Mendoza y La Pampa, acuerden por el Atuel. Ante una falta de consenso entre ambas provincias la situaci\u00f3n deber\u00e1 resolverla la corte.<\/strong><\/span><\/h4>\n<p><span style=\"color: #000000;\">El 10 de diciembre fue fijada como la fecha en la cual tanto Mendoza como La Pampa ten\u00edan que ponerse de acuerdo en que obras hab\u00eda que hacer, para poder dotar a la vecina provincia de 3,2 m<sup>3<\/sup>\/s que reclama para recomponer su ambiente.<\/span><\/p>\n<p><span style=\"color: #000000;\">En dialogo con <strong>F.M. Vi\u00f1as, Alberto Larregola,<\/strong> Integrante del CIAI se\u00f1al\u00f3 \u201c<em><strong>La Pampa quiere que les larguemos el agua sin hacer nada. Que las obras las haga Mendoza despu\u00e9s si nos hace falta\u201d.<\/strong><\/em><\/span><\/p>\n<blockquote><p><span style=\"color: #000000;\">Muy cr\u00edtico hacia el gobierno de aquella provincia sostuvo \u201c<strong><em>nunca les interesaron las obras. Les viene muy bien como conflicto pol\u00edtico para tener una excusa y decir que est\u00e1n haciendo algo\u201d.<\/em><\/strong><\/span><\/p><\/blockquote>\n<p><span style=\"color: #000000;\">Sobre el trasvase del R\u00edo Grande al Atuel indic\u00f3 que es la medida m\u00e1s importante <strong><em>\u201cantes era una discusi\u00f3n muy interesante para agrandar el oasis del sur de Mendoza y ahora es imprescindible para sobrevivir\u201d.<\/em><\/strong><\/span><\/p>\n<p><span style=\"color: #000000;\"><strong><em>\u201cSin hacer las obras mandar agua a La Pampa es imposible<\/em><\/strong>\u201d, sostuvo.<\/span><\/p>\n<p><span style=\"color: #000000;\">El argumento pampeano es el del da\u00f1o ambiental por \u201cla corta del R\u00edo\u201d, en este sentido Larregola expres\u00f3 que desde Mendoza \u201cd<strong><em>eber\u00edamos hacer una demanda, \u00bfCu\u00e1l va a ser el da\u00f1o ecol\u00f3gico en nuestras fincas si cedemos esa agua?, no vamos a poder producir fruta de alta calidad\u201d.<\/em><\/strong><\/span><\/p>\n<p><span style=\"color: #000000;\"><strong><em>\u201cEst\u00e1n queriendo reconstruir algo que se perdi\u00f3 hace 80 a\u00f1os. Creen que largando el agua ahora lo van a reconstituir en dos meses. No, eso va a tardar 8, 10, 15 a\u00f1os en reconstituirse, a nosotros en ese tiempo desaparece todo<\/em><\/strong>\u201d, complet\u00f3.<\/span><\/p>\n<h5><strong><em>A.C.<\/em><\/strong><\/h5>\n","protected":false},"excerpt":{"rendered":"<p>Ma\u00f1ana vence el plazo para que Mendoza y La Pampa, acuerden por el Atuel. Ante una falta de consenso entre ambas &#8230;<\/p>\n","protected":false},"author":7,"featured_media":74636,"comment_status":"open","ping_status":"open","sticky":false,"template":"","format":"standard","meta":{"footnotes":""},"categories":[5,54],"tags":[],"class_list":["post-82028","post","type-post","status-publish","format-standard","has-post-thumbnail","hentry","category-actualidad","category-conflicto-con-la-pampa"],"_links":{"self":[{"href":"https:\/\/vinasfm.com\/noticias\/wp-json\/wp\/v2\/posts\/82028","targetHints":{"allow":["GET"]}}],"collection":[{"href":"https:\/\/vinasfm.com\/noticias\/wp-json\/wp\/v2\/posts"}],"about":[{"href":"https:\/\/vinasfm.com\/noticias\/wp-json\/wp\/v2\/types\/post"}],"author":[{"embeddable":true,"href":"https:\/\/vinasfm.com\/noticias\/wp-json\/wp\/v2\/users\/7"}],"replies":[{"embeddable":true,"href":"https:\/\/vinasfm.com\/noticias\/wp-json\/wp\/v2\/comments?post=82028"}],"version-history":[{"count":1,"href":"https:\/\/vinasfm.com\/noticias\/wp-json\/wp\/v2\/posts\/82028\/revisions"}],"predecessor-version":[{"id":82031,"href":"https:\/\/vinasfm.com\/noticias\/wp-json\/wp\/v2\/posts\/82028\/revisions\/82031"}],"wp:featuredmedia":[{"embeddable":true,"href":"https:\/\/vinasfm.com\/noticias\/wp-json\/wp\/v2\/media\/74636"}],"wp:attachment":[{"href":"https:\/\/vinasfm.com\/noticias\/wp-json\/wp\/v2\/media?parent=82028"}],"wp:term":[{"taxonomy":"category","embeddable":true,"href":"https:\/\/vinasfm.com\/noticias\/wp-json\/wp\/v2\/categories?post=82028"},{"taxonomy":"post_tag","embeddable":true,"href":"https:\/\/vinasfm.com\/noticias\/wp-json\/wp\/v2\/tags?post=82028"}],"curies":[{"name":"wp","href":"https:\/\/api.w.org\/{rel}","templated":true}]}}