{"id":81939,"date":"2020-12-08T05:05:23","date_gmt":"2020-12-08T08:05:23","guid":{"rendered":"http:\/\/vinasfm.com\/noticias\/?p=81939"},"modified":"2020-12-08T19:44:53","modified_gmt":"2020-12-08T22:44:53","slug":"7-12-alvear-reporto-2-nuevos-contagios-17-recuperados-y-un-fallecimiento","status":"publish","type":"post","link":"https:\/\/vinasfm.com\/noticias\/7-12-alvear-reporto-2-nuevos-contagios-17-recuperados-y-un-fallecimiento\/","title":{"rendered":"7\/12: ALVEAR REPORT\u00d3 2 NUEVOS CONTAGIOS, 17 RECUPERADOS Y UN FALLECIMIENTO"},"content":{"rendered":"<h5><span style=\"color: #000000;\"><strong>De acuerdo al informe suministrado por el Laboratorio Covid Regi\u00f3n Sur, Alvear registr\u00f3 2 nuevos casos positivos de Covid-19 en las \u00faltimas 24 horas, lapso en el que se confirm\u00f3 el fallecimiento de una mujer de 48 a\u00f1os y la recuperaci\u00f3n de 17 pacientes.<\/strong><\/span><\/h5>\n<p><span style=\"color: #000000;\">Al momento, el total de casos acumulados en el Hospital\u00a0<em>Enfermeros Argentinos\u00a0<\/em>es de\u00a0<strong>1533 <\/strong><strong>(201 <\/strong><strong>casos\u00a0<\/strong><strong>activos, 1291 <\/strong><strong>casos recuperados, 41 <\/strong><strong>fallecimientos<\/strong>).<\/span><\/p>\n<h4 style=\"text-align: center;\"><span style=\"color: #000000;\"><strong>INFORME REGI\u00d3N SUR<\/strong><\/span><\/h4>\n<p><span style=\"color: #000000;\">Este <strong>lunes<\/strong>, los tres departamentos del sur mendocino sumaron\u00a0<strong>13<\/strong>\u00a0<strong>nuevos casos de Covid-19.\u00a0<\/strong>Se procesaron\u00a0<strong>42 muestras de PCR: 29 fueron negativas y 13 <\/strong><strong>resultaron positivas.\u00a0<\/strong><\/span><\/p>\n<ul>\n<li><span style=\"color: #000000;\"><strong>GENERAL ALVEAR: 2 casos positivos.<\/strong><\/span><\/li>\n<li><span style=\"color: #000000;\"><strong>SAN RAFAEL: 11 casos positivos.<\/strong><\/span><\/li>\n<li><span style=\"color: #000000;\"><strong>MALARG\u00dcE: 0 casos positivos.<\/strong><\/span><\/li>\n<\/ul>\n<p><span style=\"color: #000000;\"><strong>Con estas cifras, San Rafael, Malarg\u00fce y General Alvear cuentan con 6699 casos positivos confirmados de los cuales 4876 se han recuperado y 153 han perdido la vida por Covid-19.<\/strong><\/span><\/p>\n<h5><span style=\"color: #000000;\">\u2022F.B. (F.M. Vi\u00f1as).<\/span><\/h5>\n","protected":false},"excerpt":{"rendered":"<p>De acuerdo al informe suministrado por el Laboratorio Covid Regi\u00f3n Sur, Alvear registr\u00f3 2 nuevos casos positivos de Covid-19 en las &#8230;<\/p>\n","protected":false},"author":8,"featured_media":37001,"comment_status":"open","ping_status":"open","sticky":false,"template":"","format":"standard","meta":{"footnotes":""},"categories":[5,62],"tags":[],"class_list":["post-81939","post","type-post","status-publish","format-standard","has-post-thumbnail","hentry","category-actualidad","category-coronavirus"],"_links":{"self":[{"href":"https:\/\/vinasfm.com\/noticias\/wp-json\/wp\/v2\/posts\/81939","targetHints":{"allow":["GET"]}}],"collection":[{"href":"https:\/\/vinasfm.com\/noticias\/wp-json\/wp\/v2\/posts"}],"about":[{"href":"https:\/\/vinasfm.com\/noticias\/wp-json\/wp\/v2\/types\/post"}],"author":[{"embeddable":true,"href":"https:\/\/vinasfm.com\/noticias\/wp-json\/wp\/v2\/users\/8"}],"replies":[{"embeddable":true,"href":"https:\/\/vinasfm.com\/noticias\/wp-json\/wp\/v2\/comments?post=81939"}],"version-history":[{"count":5,"href":"https:\/\/vinasfm.com\/noticias\/wp-json\/wp\/v2\/posts\/81939\/revisions"}],"predecessor-version":[{"id":82001,"href":"https:\/\/vinasfm.com\/noticias\/wp-json\/wp\/v2\/posts\/81939\/revisions\/82001"}],"wp:featuredmedia":[{"embeddable":true,"href":"https:\/\/vinasfm.com\/noticias\/wp-json\/wp\/v2\/media\/37001"}],"wp:attachment":[{"href":"https:\/\/vinasfm.com\/noticias\/wp-json\/wp\/v2\/media?parent=81939"}],"wp:term":[{"taxonomy":"category","embeddable":true,"href":"https:\/\/vinasfm.com\/noticias\/wp-json\/wp\/v2\/categories?post=81939"},{"taxonomy":"post_tag","embeddable":true,"href":"https:\/\/vinasfm.com\/noticias\/wp-json\/wp\/v2\/tags?post=81939"}],"curies":[{"name":"wp","href":"https:\/\/api.w.org\/{rel}","templated":true}]}}